{"id":263076,"date":"2025-07-21T10:05:18","date_gmt":"2025-07-21T10:05:18","guid":{"rendered":"https:\/\/www.europesays.com\/fr\/263076\/"},"modified":"2025-07-21T10:05:18","modified_gmt":"2025-07-21T10:05:18","slug":"atp-djokovic-rejoint-federer-et-nadal-mais-cette-fois-ne-les-depasse-pas","status":"publish","type":"post","link":"https:\/\/www.europesays.com\/fr\/263076\/","title":{"rendered":"ATP > Djokovic rejoint Federer et Nadal mais, cette fois, ne les d\u00e9passe pas !"},"content":{"rendered":"<p>Toujours 6e mondial \u00e0 38 ans, Novak Djokovic entame ce lundi une 900e semaine dans le top\u00a010.\u00a0<\/p>\n<p>Avant lui, deux joueurs seule\u00adment avaient r\u00e9alis\u00e9 cette perfor\u00admance excep\u00adtion\u00adnelle\u00a0: Roger Federer (968 semaines) et Rafael Nadal (912 semaines), qui conservent encore un peu d\u2019avance dans le domaine sur leur rival\u00a0serbe.\u00a0<\/p>\n<blockquote class=\"twitter-tweet\">\n<p lang=\"ca\" dir=\"ltr\">Top\u201010 Total Weeks<\/p>\n<p>968 Roger Federer<br \/>912 Rafael Nadal<br \/>900 NOVAK DJOKOVIC<br \/>665 Andre Agassi<\/p>\n<p>\u2014 Luca Brancher (@LucaBeck) <a href=\"https:\/\/twitter.com\/LucaBeck\/status\/1947179986798219407?ref_src=twsrc%5Etfw\" data-wpel-link=\"external\" target=\"_blank\" rel=\"nofollow external noopener\">July 21,\u00a02025<\/a><\/p><\/blockquote>\n<p>S\u2019il est d\u00e9j\u00e0 le joueur ayant pass\u00e9 le plus de semaines \u00e0 la place de num\u00e9ro 1 mondial, Djokovic a encore un peu de chemin \u00e0 parcourir pour d\u00e9cro\u00adcher ce nouveau record.<\/p>\n<p class=\"post-published-date\" style=\"color: silver; font-size: 75%; text-align: left;\">Publi\u00e9 le lundi 21 juillet 2025 \u00e0 11:10<\/p>\n<p><script async src=\"https:\/\/platform.twitter.com\/widgets.js\" charset=\"utf-8\"><\/script><\/p>\n","protected":false},"excerpt":{"rendered":"Toujours 6e mondial \u00e0 38 ans, Novak Djokovic entame ce lundi une 900e semaine dans le top\u00a010.\u00a0 Avant&hellip;\n","protected":false},"author":2,"featured_media":259338,"comment_status":"","ping_status":"","sticky":false,"template":"","format":"standard","meta":{"footnotes":""},"categories":[1415],"tags":[18937,105,2199,1011,27,1960,60,1467],"class_list":{"0":"post-263076","1":"post","2":"type-post","3":"status-publish","4":"format-standard","5":"has-post-thumbnail","7":"category-tennis","8":"tag-agassi","9":"tag-djokovic","10":"tag-federer","11":"tag-fr","12":"tag-france","13":"tag-nadal","14":"tag-sports","15":"tag-tennis"},"share_on_mastodon":{"url":"https:\/\/pubeurope.com\/@fr\/114890665054241784","error":""},"_links":{"self":[{"href":"https:\/\/www.europesays.com\/fr\/wp-json\/wp\/v2\/posts\/263076","targetHints":{"allow":["GET"]}}],"collection":[{"href":"https:\/\/www.europesays.com\/fr\/wp-json\/wp\/v2\/posts"}],"about":[{"href":"https:\/\/www.europesays.com\/fr\/wp-json\/wp\/v2\/types\/post"}],"author":[{"embeddable":true,"href":"https:\/\/www.europesays.com\/fr\/wp-json\/wp\/v2\/users\/2"}],"replies":[{"embeddable":true,"href":"https:\/\/www.europesays.com\/fr\/wp-json\/wp\/v2\/comments?post=263076"}],"version-history":[{"count":0,"href":"https:\/\/www.europesays.com\/fr\/wp-json\/wp\/v2\/posts\/263076\/revisions"}],"wp:featuredmedia":[{"embeddable":true,"href":"https:\/\/www.europesays.com\/fr\/wp-json\/wp\/v2\/media\/259338"}],"wp:attachment":[{"href":"https:\/\/www.europesays.com\/fr\/wp-json\/wp\/v2\/media?parent=263076"}],"wp:term":[{"taxonomy":"category","embeddable":true,"href":"https:\/\/www.europesays.com\/fr\/wp-json\/wp\/v2\/categories?post=263076"},{"taxonomy":"post_tag","embeddable":true,"href":"https:\/\/www.europesays.com\/fr\/wp-json\/wp\/v2\/tags?post=263076"}],"curies":[{"name":"wp","href":"https:\/\/api.w.org\/{rel}","templated":true}]}}