{"id":263077,"date":"2025-07-21T10:07:15","date_gmt":"2025-07-21T10:07:15","guid":{"rendered":"https:\/\/www.europesays.com\/fr\/263077\/"},"modified":"2025-07-21T10:07:15","modified_gmt":"2025-07-21T10:07:15","slug":"marc-marquez-se-concentre-uniquement-sur-le-fait-detre-a-nouveau-champion-du-monde-ne-se-soucie-pas-des-records","status":"publish","type":"post","link":"https:\/\/www.europesays.com\/fr\/263077\/","title":{"rendered":"Marc M\u00e1rquez se concentre uniquement sur le fait d&rsquo;\u00eatre \u00e0 nouveau champion du monde, \u00ab\u00a0ne se soucie pas des records\u00a0\u00bb &#8211;"},"content":{"rendered":"<p>Le championnat MotoGP s&rsquo;est poursuivi le week-end dernier avec le GP de R\u00e9publique tch\u00e8que, s&rsquo;achevant \u00e9galement pour une grande partie de l&rsquo;\u00e9t\u00e9 : la comp\u00e9tition ne reprendra que du 15 au 17 ao\u00fbt en Autriche. Sans surprise, Marc M\u00e1rquez a remport\u00e9 la course, \u00e9tendant ainsi sa domination au championnat, avec 381 points, soit 120 de plus que son poursuivant imm\u00e9diat (et fr\u00e8re cadet) \u00c1lex M\u00e1rquez. Jorge Mart\u00edn, pour son retour apr\u00e8s ses <a href=\"https:\/\/www.gamereactor.fr\/jorge-martin-confirme-son-retour-en-motogp-au-gp-de-republique-tcheque-la-semaine-prochaine-1874553\/\" title=\"Jorge Mart\u00edn confirme son retour en MotoGP au GP de R\u00e9publique tch\u00e8que la semaine prochaine\" rel=\"nofollow noopener\" target=\"_blank\">multiples accidents<\/a>, a termin\u00e9 septi\u00e8me et a remport\u00e9 ses neuf premiers points du championnat.<\/p>\n<p>La victoire de M\u00e1rquez est remarquable car il est devenu le premier pilote Ducati \u00e0 remporter cinq Grands Prix d&rsquo;affil\u00e9e. Avec encore dix courses \u00e0 disputer, apr\u00e8s avoir remport\u00e9 huit des douze derniers Grands Prix et remport\u00e9 onze victoires au sprint, il pourrait encore s&rsquo;adjuger d&rsquo;autres records cette ann\u00e9e. Cependant, le pilote de 32 ans, dit qu&rsquo;il ne se concentre que sur une seule chose.<\/p>\n<p>\u00ab\u00a0Pour moi, la priorit\u00e9 principale et la seule priorit\u00e9 est de gagner le championnat. Et maintenant, j&rsquo;essaie toujours de parler honn\u00eatement. J&rsquo;ai 10 courses o\u00f9 je dois garder la m\u00eame mentalit\u00e9, o\u00f9 l&rsquo;\u00e9quipe doit garder le m\u00eame sprint et essayer de faire notre maximum\u00a0\u00bb, a d\u00e9clar\u00e9 M\u00e1rquez. \u00ab\u00a0Mais les records, je m&rsquo;en fiche. Je veux juste \u00eatre \u00e0 nouveau champion du monde\u00a0\u00bb (via <a href=\"https:\/\/www.motorsport.com\/motogp\/news\/marc-marquez-only-cares-about-motogp-title-and-not-records-after-czech-gp-win\/10743735\/\" target=\"_blank\" rel=\"nofollow noopener\">Motorsport<\/a>).<\/p>\n<p>La brillante saison de M\u00e1rquez intervient cinq ans apr\u00e8s une blessure qui a mis un terme \u00e0 sa carri\u00e8re, beaucoup pensant qu&rsquo;il ne se remettrait jamais. Mais apr\u00e8s un grand retour l&rsquo;ann\u00e9e derni\u00e8re, terminant troisi\u00e8me, il n&rsquo;a laiss\u00e9 aucun choix \u00e0 ses rivaux, principalement \u00e0 son co\u00e9quipier chez Ducati, Pecco Bagnaia, qui n&rsquo;arrive pas \u00e0 se d\u00e9barrasser de sa <a href=\"https:\/\/www.gamereactor.fr\/bagnaia-jette-leponge-apres-sa-quatrieme-place-au-gp-ditalie-je-ne-peux-pas-faire-ce-que-je-veux-sur-la-moto-1862763\/\" title=\"Bagnaia jette l&#039;\u00e9ponge apr\u00e8s sa quatri\u00e8me place au GP d&#039;Italie : &quot;Je ne peux pas faire ce que je veux sur la moto&quot;\" rel=\"nofollow noopener\" target=\"_blank\">frustration avec sa moto<\/a>&#8230;.<\/p>\n<p><img loading=\"lazy\" decoding=\"async\" id=\"img-1882533-4486313\" data-fullsize=\"\/media\/63\/_4486313b.jpg\" data-lazy=\"\" src=\"https:\/\/www.europesays.com\/fr\/wp-content\/uploads\/2025\/07\/_4486313_650x.jpg\" width=\"650\" onclick=\"if (!window.__cfRLUnblockHandlers) return false; gallery_openmodal('1882533','4486313');\" height=\"366\" alt=\"Marc M\u00e1rquez se concentre uniquement sur le fait d'\u00eatre \u00e0 nouveau champion du monde, &quot;ne se soucie pas des records&quot;\" class=\"rwd_col_content lazy\" data-cf-modified-a7e4f6e77f5c2d1b7b24fd16-=\"\"\/>MotoGP<\/p>\n","protected":false},"excerpt":{"rendered":"Le championnat MotoGP s&rsquo;est poursuivi le week-end dernier avec le GP de R\u00e9publique tch\u00e8que, s&rsquo;achevant \u00e9galement pour une&hellip;\n","protected":false},"author":2,"featured_media":263078,"comment_status":"","ping_status":"","sticky":false,"template":"","format":"standard","meta":{"footnotes":""},"categories":[1413],"tags":[1011,27,1457,1456,60],"class_list":{"0":"post-263077","1":"post","2":"type-post","3":"status-publish","4":"format-standard","5":"has-post-thumbnail","7":"category-moto","8":"tag-fr","9":"tag-france","10":"tag-moto","11":"tag-motocycle","12":"tag-sports"},"share_on_mastodon":{"url":"https:\/\/pubeurope.com\/@fr\/114890673487540552","error":""},"_links":{"self":[{"href":"https:\/\/www.europesays.com\/fr\/wp-json\/wp\/v2\/posts\/263077","targetHints":{"allow":["GET"]}}],"collection":[{"href":"https:\/\/www.europesays.com\/fr\/wp-json\/wp\/v2\/posts"}],"about":[{"href":"https:\/\/www.europesays.com\/fr\/wp-json\/wp\/v2\/types\/post"}],"author":[{"embeddable":true,"href":"https:\/\/www.europesays.com\/fr\/wp-json\/wp\/v2\/users\/2"}],"replies":[{"embeddable":true,"href":"https:\/\/www.europesays.com\/fr\/wp-json\/wp\/v2\/comments?post=263077"}],"version-history":[{"count":0,"href":"https:\/\/www.europesays.com\/fr\/wp-json\/wp\/v2\/posts\/263077\/revisions"}],"wp:featuredmedia":[{"embeddable":true,"href":"https:\/\/www.europesays.com\/fr\/wp-json\/wp\/v2\/media\/263078"}],"wp:attachment":[{"href":"https:\/\/www.europesays.com\/fr\/wp-json\/wp\/v2\/media?parent=263077"}],"wp:term":[{"taxonomy":"category","embeddable":true,"href":"https:\/\/www.europesays.com\/fr\/wp-json\/wp\/v2\/categories?post=263077"},{"taxonomy":"post_tag","embeddable":true,"href":"https:\/\/www.europesays.com\/fr\/wp-json\/wp\/v2\/tags?post=263077"}],"curies":[{"name":"wp","href":"https:\/\/api.w.org\/{rel}","templated":true}]}}