{"id":263079,"date":"2025-07-21T10:08:14","date_gmt":"2025-07-21T10:08:14","guid":{"rendered":"https:\/\/www.europesays.com\/fr\/263079\/"},"modified":"2025-07-21T10:08:14","modified_gmt":"2025-07-21T10:08:14","slug":"apple-en-pole-position-pour-les-droits-de-diffusion-de-la-f1-aux-etats-unis-des-2026","status":"publish","type":"post","link":"https:\/\/www.europesays.com\/fr\/263079\/","title":{"rendered":"Apple en pole position pour les droits de diffusion de la F1 aux \u00c9tats-Unis d\u00e8s 2026 ?"},"content":{"rendered":"<p><img decoding=\"async\" src=\"https:\/\/www.europesays.com\/fr\/wp-content\/uploads\/2025\/07\/APXGP-car-scaled-2-678x381.webp.webp\" alt=\"\" title=\"APXGP-car-scaled-2\"\/><\/p>\n<p>Apple pourrait bien faire une entr\u00e9e remarqu\u00e9e dans le monde de la Formule 1. Selon plusieurs sources concordantes, la firme de Cupertino aurait soumis une offre d\u2019au moins 150 millions de dollars par an afin d\u2019obtenir les droits exclusifs de diffusion en streaming du Championnat du monde de Formule 1 aux \u00c9tats-Unis, \u00e0 partir de la saison 2026. Si cela venait \u00e0 se confirmer, il s\u2019agirait d\u2019un tournant strat\u00e9gique majeur pour Apple comme pour la F1.<\/p>\n<p>Cette possible acquisition s\u2019inscrit dans une dynamique globale d\u2019Apple de renforcement de son offre de contenus sportifs. Apr\u00e8s avoir lanc\u00e9 avec succ\u00e8s des partenariats pour <a href=\"https:\/\/www.sportsmarketing.fr\/la-mls-premiere-competition-internationale-a-attribuer-ses-droits-de-diffusion-a-apple\/\" rel=\"nofollow noopener\" target=\"_blank\">la Major League Soccer<\/a> et le <a href=\"https:\/\/www.apple.com\/newsroom\/2025\/06\/apple-and-major-league-baseball-announce-july-friday-night-baseball-schedule\/\" rel=\"nofollow noopener\" target=\"_blank\">baseball (MLB)<\/a>, et <a href=\"https:\/\/www.formula1.com\/en\/page\/apple-original-films-f1-movie\" rel=\"nofollow noopener\" target=\"_blank\">produit le film \u00e9v\u00e9nement \u00ab F1 \u00bb avec Brad Pitt \u2013 qui a g\u00e9n\u00e9r\u00e9 plus de 320 millions de dollars au box-office mondial<\/a> \u2013 Apple semble d\u00e9termin\u00e9 \u00e0 s\u2019imposer comme un acteur incontournable dans la diffusion du sport en streaming.<\/p>\n<p>Selon <a href=\"https:\/\/www.businessinsider.com\/apple-f1-streaming-bidding-rights-espn-movie-2025-7\" rel=\"nofollow noopener\" target=\"_blank\">Business Insider<\/a> et <a href=\"https:\/\/www.reuters.com\/business\/apple-bids-least-150-million-year-formula-1-streaming-rights-business-insider-2025-07-11\/\" rel=\"nofollow noopener\" target=\"_blank\">Reuters<\/a>, <strong>l\u2019offre d\u2019Apple serait plus g\u00e9n\u00e9reuse que celle d\u2019ESPN, qui paierait actuellement entre 85 et 90 millions de dollars par an pour ces droits<\/strong>. ESPN, qui d\u00e9tient les droits jusqu\u2019en 2025, n\u2019aurait pas pr\u00e9vu de surench\u00e9rir, laissant la voie ouverte \u00e0 un \u00e9ventuel accord entre Liberty Media, propri\u00e9taire de la F1, et Apple.<\/p>\n<p><strong>Une telle avanc\u00e9e marquerait une \u00e9tape significative dans la croissance de la Formule 1 sur le march\u00e9 am\u00e9ricain. L\u2019audience TV y a presque doubl\u00e9 depuis 2018, port\u00e9e par le succ\u00e8s de la s\u00e9rie documentaire Netflix \u00ab Drive to Survive \u00bb<\/strong> et par un regain d\u2019int\u00e9r\u00eat du jeune public. Le Grand Prix de Miami, inaugur\u00e9 en 2022, symbolise d\u2019ailleurs cette dynamique.<\/p>\n<p><strong>L\u2019entr\u00e9e potentielle d\u2019Apple pourrait offrir de nouvelles perspectives marketing \u00e0 la F1<\/strong>, ses sponsors et partenaires. Une diffusion via Apple TV+ permettrait des activations in\u00e9dites : enrichissement de l\u2019exp\u00e9rience utilisateur, statistiques en temps r\u00e9el, contenus exclusifs, ou encore interactivit\u00e9 pendant les courses. Pour les marques comme Audi, Cadillac ou encore les g\u00e9ants du lifestyle d\u00e9j\u00e0 pr\u00e9sents en F1, cette bascule pourrait \u00eatre une opportunit\u00e9 strat\u00e9gique majeure.<\/p>\n<p><strong>Cependant, des d\u00e9fis subsistent<\/strong>. Apple TV+ reste une plateforme avec une part de march\u00e9 modeste compar\u00e9e \u00e0 ses concurrents, notamment aux \u00c9tats-Unis. En outre, la gestion des droits internationaux \u2013 dont ceux g\u00e9r\u00e9s via F1 TV ou d\u00e9tenus par des diffuseurs comme DAZN \u2013 posera la question d\u2019une \u00e9ventuelle expansion du mod\u00e8le Apple \u00e0 d\u2019autres territoires \u00e0 moyen terme.<\/p>\n<p><strong>Si l\u2019accord venait \u00e0 \u00eatre confirm\u00e9 dans les mois \u00e0 venir, la diffusion exclusive sur Apple TV+ pourrait d\u00e9buter d\u00e8s la premi\u00e8re course de la saison 2026.<\/strong> Cette perspective pourrait rebattre les cartes du paysage audiovisuel sportif mondial, en particulier dans une p\u00e9riode o\u00f9 la bataille des droits s\u2019intensifie sur fond de transition num\u00e9rique.<\/p>\n<p>Apple, fid\u00e8le \u00e0 son ADN, avancerait alors \u00e0 grande vitesse vers un positionnement de leader du sport premium en streaming, au croisement de la technologie, du divertissement et du marketing sportif.<\/p>\n","protected":false},"excerpt":{"rendered":"Apple pourrait bien faire une entr\u00e9e remarqu\u00e9e dans le monde de la Formule 1. Selon plusieurs sources concordantes,&hellip;\n","protected":false},"author":2,"featured_media":263080,"comment_status":"","ping_status":"","sticky":false,"template":"","format":"standard","meta":{"footnotes":""},"categories":[1412],"tags":[733,519,17011,10475,73,1451,1452,1453,1454,1455,1011,27,60,128],"class_list":{"0":"post-263079","1":"post","2":"type-post","3":"status-publish","4":"format-standard","5":"has-post-thumbnail","7":"category-f1","8":"tag-apple","9":"tag-apple-tv","10":"tag-diffusion","11":"tag-droits-tv","12":"tag-etats-unis","13":"tag-f1","14":"tag-formula-1","15":"tag-formula1","16":"tag-formule-1","17":"tag-formule1","18":"tag-fr","19":"tag-france","20":"tag-sports","21":"tag-streaming"},"share_on_mastodon":{"url":"https:\/\/pubeurope.com\/@fr\/114890677535014724","error":""},"_links":{"self":[{"href":"https:\/\/www.europesays.com\/fr\/wp-json\/wp\/v2\/posts\/263079","targetHints":{"allow":["GET"]}}],"collection":[{"href":"https:\/\/www.europesays.com\/fr\/wp-json\/wp\/v2\/posts"}],"about":[{"href":"https:\/\/www.europesays.com\/fr\/wp-json\/wp\/v2\/types\/post"}],"author":[{"embeddable":true,"href":"https:\/\/www.europesays.com\/fr\/wp-json\/wp\/v2\/users\/2"}],"replies":[{"embeddable":true,"href":"https:\/\/www.europesays.com\/fr\/wp-json\/wp\/v2\/comments?post=263079"}],"version-history":[{"count":0,"href":"https:\/\/www.europesays.com\/fr\/wp-json\/wp\/v2\/posts\/263079\/revisions"}],"wp:featuredmedia":[{"embeddable":true,"href":"https:\/\/www.europesays.com\/fr\/wp-json\/wp\/v2\/media\/263080"}],"wp:attachment":[{"href":"https:\/\/www.europesays.com\/fr\/wp-json\/wp\/v2\/media?parent=263079"}],"wp:term":[{"taxonomy":"category","embeddable":true,"href":"https:\/\/www.europesays.com\/fr\/wp-json\/wp\/v2\/categories?post=263079"},{"taxonomy":"post_tag","embeddable":true,"href":"https:\/\/www.europesays.com\/fr\/wp-json\/wp\/v2\/tags?post=263079"}],"curies":[{"name":"wp","href":"https:\/\/api.w.org\/{rel}","templated":true}]}}