{"id":263085,"date":"2025-07-21T10:11:18","date_gmt":"2025-07-21T10:11:18","guid":{"rendered":"https:\/\/www.europesays.com\/fr\/263085\/"},"modified":"2025-07-21T10:11:18","modified_gmt":"2025-07-21T10:11:18","slug":"sophie-davant-et-william-leymergie-deja-tres-proches-des-annees-avant-de-se-mettre-en-couple-une-ex-collaboratrice-raconte","status":"publish","type":"post","link":"https:\/\/www.europesays.com\/fr\/263085\/","title":{"rendered":"Sophie Davant et William Leymergie d\u00e9j\u00e0 \u00ab\u00a0tr\u00e8s proches\u00a0\u00bb des ann\u00e9es avant de se mettre en couple, une ex-collaboratrice raconte"},"content":{"rendered":"<p>C&rsquo;est une histoire aussi inattendue que pr\u00e9destin\u00e9e. En 2022, <a data-i13n=\"cpos:1;pos:1\" href=\"https:\/\/www.purepeople.com\/people\/sophie-davant_p845\" rel=\"nofollow noopener\" target=\"_blank\" data-ylk=\"slk:Sophie Davant;cpos:1;pos:1;elm:context_link;itc:0;sec:content-canvas\" class=\"link \">Sophie Davant<\/a> et <a data-i13n=\"cpos:2;pos:1\" href=\"https:\/\/www.purepeople.com\/people\/william-leymergie_p1024\" rel=\"nofollow noopener\" target=\"_blank\" data-ylk=\"slk:William Leymergie;cpos:2;pos:1;elm:context_link;itc:0;sec:content-canvas\" class=\"link \">William Leymergie<\/a> ont officialis\u00e9 leur romance <strong>apr\u00e8s de longues ann\u00e9es d&rsquo;amiti\u00e9<\/strong> et des idylles v\u00e9cues chacun de leurs c\u00f4t\u00e9s. Et depuis, ils ne cachent plus leur relation, apparaissant soud\u00e9s \u00e0 diff\u00e9rents \u00e9v\u00e9nements publics <a data-i13n=\"cpos:3;pos:1\" href=\"https:\/\/fr.news.yahoo.com\/sophie-davant-soutien-pr%C3%A9cieux-compagnon-100700566.html\" data-ylk=\"slk:comme r\u00e9cemment lors des obs\u00e8ques de Philippe Labro;cpos:3;pos:1;elm:context_link;itc:0;sec:content-canvas;outcm:mb_qualified_link;_E:mb_qualified_link;ct:story;\" class=\"link  yahoo-link\" target=\"_blank\" rel=\"noopener\">comme r\u00e9cemment lors des obs\u00e8ques de Philippe Labro<\/a>.<\/p>\n<p>Une complicit\u00e9 d\u00e9j\u00e0 \u00e9vidente \u00e0 l&rsquo;\u00e9poque o\u00f9 ils n&rsquo;\u00e9taient que coll\u00e8gues comme se souvient <strong>Danielle Moreau<\/strong>, qui a travaill\u00e9 avec les deux. Dans l&rsquo;\u00e9mission Jet de Luxe pr\u00e9sent\u00e9e par Jordan Deluxe, l&rsquo;ex chroniqueuse de Touche pas \u00e0 mon poste a ainsi \u00e9t\u00e9 le t\u00e9moin d&rsquo;une entente d\u00e9j\u00e0 tr\u00e8s prononc\u00e9e bien que rien ne se soit alors pass\u00e9. \u00ab\u00a0<strong>Ils \u00e9taient tr\u00e8s tr\u00e8s amis et tr\u00e8s complices. On les entendait glousser dans les loges, ils ont le m\u00eame style d&rsquo;humour. Vraiment, c&rsquo;\u00e9tait de tr\u00e8s tr\u00e8s bons amis, tr\u00e8s proches<\/strong>\u00ab\u00a0, a-t-elle rapport\u00e9.<\/p>\n<p>Sophie Davant et William Leymergie, un couple \u00ab\u00a0qui fait r\u00eaver\u00a0\u00bb<\/p>\n<p>Et pour elle de s&rsquo;\u00e9merveiller face au couple qu&rsquo;ils forment aujourd&rsquo;hui : \u00ab\u00a0L&rsquo;histoire est formidable. J&rsquo;ai \u00e9t\u00e9 au courant comme tout le monde mais je pense que cette histoire fait r\u00eaver parce qu&rsquo;elle a mon \u00e2ge, William qui est toujours un tr\u00e8s bel homme a d\u00e9pass\u00e9 les 70 ans et je trouve qu&rsquo;ils font un couple super et <strong>ils donnent plein d&rsquo;espoir<\/strong>. On se dit que m\u00eame quand il y a des deuils, des s\u00e9parations, qu&rsquo;on arrive \u00e0 un certain \u00e2ge, il peut y avoir de belles histoires peut-\u00eatre avec quelqu&rsquo;un qu&rsquo;on conna\u00eet, <strong>une amiti\u00e9 qui se transforme en amour<\/strong>, donc \u00e7a fait r\u00eaver\u00a0\u00bb.<\/p>\n<p>En d\u00e9but d&rsquo;ann\u00e9e, c&rsquo;est Sophie Davant elle-m\u00eame qui se replongeait dans ses souvenirs avec William Leymergie, <a data-i13n=\"cpos:4;pos:1\" href=\"https:\/\/fr.news.yahoo.com\/pire-sophie-davant-confie-rarement-115200890.html\" data-ylk=\"slk:qui a &quot;\u00e9t\u00e9 tout&quot; pour elle;cpos:4;pos:1;elm:context_link;itc:0;sec:content-canvas;outcm:mb_qualified_link;_E:mb_qualified_link;ct:story;\" class=\"link  yahoo-link\" target=\"_blank\" rel=\"noopener\">qui a \u00ab\u00a0\u00e9t\u00e9 tout\u00a0\u00bb pour elle<\/a>. \u00ab\u00a0<strong>Il a \u00e9t\u00e9 mon patron, mon producteur, mon ami, mon complice&#8230; <\/strong>avant que nous partagions un quotidien\u00a0\u00bb, rappelait-elle dans la matinale Bonjour !. L&rsquo;animatrice avouait \u00e9galement qu&rsquo;\u00e0 cette p\u00e9riode, ils \u00ab\u00a0passaient plus de temps ensemble qu&rsquo;avec (leurs) conjoints respectifs\u00a0\u00bb. \u00ab\u00a0Voil\u00e0, mais c&rsquo;est une histoire particuli\u00e8re. <strong>Il se trouve qu&rsquo;on s&rsquo;est retrouv\u00e9s apr\u00e8s toutes ces ann\u00e9es, ce n&rsquo;\u00e9tait pas du tout pr\u00e9vu comme \u00e7a <\/strong>mais c&rsquo;est les al\u00e9as de la vie et les belles surprises que peut r\u00e9server la vie\u00a0\u00bb, concluait-elle.<\/p>\n<p><a data-i13n=\"cpos:5;pos:1\" href=\"https:\/\/www.purepeople.com\/article\/on-les-entendait-dans-les-loges-sophie-davant-et-william-leymergie-deja-tres-proches-des-annees-avant-de-se-mettre-en-couple-une-ex-collaboratrice-raconte_a540554\/1\" rel=\"nofollow noopener\" target=\"_blank\" data-ylk=\"slk:Article original sur Purepeople;cpos:5;pos:1;elm:context_link;itc:0;sec:content-canvas\" class=\"link \">Article original sur Purepeople<\/a><\/p>\n","protected":false},"excerpt":{"rendered":"C&rsquo;est une histoire aussi inattendue que pr\u00e9destin\u00e9e. En 2022, Sophie Davant et William Leymergie ont officialis\u00e9 leur romance&hellip;\n","protected":false},"author":2,"featured_media":263086,"comment_status":"","ping_status":"","sticky":false,"template":"","format":"standard","meta":{"footnotes":""},"categories":[1359],"tags":[2511,31151,58,59,1011,27,40268,973,28030,32401,32400],"class_list":{"0":"post-263085","1":"post","2":"type-post","3":"status-publish","4":"format-standard","5":"has-post-thumbnail","7":"category-people","8":"tag-cest","9":"tag-danielle-moreau","10":"tag-divertissement","11":"tag-entertainment","12":"tag-fr","13":"tag-france","14":"tag-jordan-deluxe","15":"tag-people","16":"tag-philippe-labro","17":"tag-sophie-davant","18":"tag-william-leymergie"},"share_on_mastodon":{"url":"https:\/\/pubeurope.com\/@fr\/114890688698551169","error":""},"_links":{"self":[{"href":"https:\/\/www.europesays.com\/fr\/wp-json\/wp\/v2\/posts\/263085","targetHints":{"allow":["GET"]}}],"collection":[{"href":"https:\/\/www.europesays.com\/fr\/wp-json\/wp\/v2\/posts"}],"about":[{"href":"https:\/\/www.europesays.com\/fr\/wp-json\/wp\/v2\/types\/post"}],"author":[{"embeddable":true,"href":"https:\/\/www.europesays.com\/fr\/wp-json\/wp\/v2\/users\/2"}],"replies":[{"embeddable":true,"href":"https:\/\/www.europesays.com\/fr\/wp-json\/wp\/v2\/comments?post=263085"}],"version-history":[{"count":0,"href":"https:\/\/www.europesays.com\/fr\/wp-json\/wp\/v2\/posts\/263085\/revisions"}],"wp:featuredmedia":[{"embeddable":true,"href":"https:\/\/www.europesays.com\/fr\/wp-json\/wp\/v2\/media\/263086"}],"wp:attachment":[{"href":"https:\/\/www.europesays.com\/fr\/wp-json\/wp\/v2\/media?parent=263085"}],"wp:term":[{"taxonomy":"category","embeddable":true,"href":"https:\/\/www.europesays.com\/fr\/wp-json\/wp\/v2\/categories?post=263085"},{"taxonomy":"post_tag","embeddable":true,"href":"https:\/\/www.europesays.com\/fr\/wp-json\/wp\/v2\/tags?post=263085"}],"curies":[{"name":"wp","href":"https:\/\/api.w.org\/{rel}","templated":true}]}}