{"id":263087,"date":"2025-07-21T10:12:17","date_gmt":"2025-07-21T10:12:17","guid":{"rendered":"https:\/\/www.europesays.com\/fr\/263087\/"},"modified":"2025-07-21T10:12:17","modified_gmt":"2025-07-21T10:12:17","slug":"les-rencontres-de-la-photographie-darles-celebrent-la-diversite-face-aux-defis-mondiaux-rts-ch","status":"publish","type":"post","link":"https:\/\/www.europesays.com\/fr\/263087\/","title":{"rendered":"Les Rencontres de la photographie d&rsquo;Arles c\u00e9l\u00e8brent la diversit\u00e9 face aux d\u00e9fis mondiaux &#8211; rts.ch"},"content":{"rendered":"<p>Affirmer la puissance de la photographie face aux menaces nationalistes et climatiques, c&rsquo;est ce que propose la 56e \u00e9dition des Rencontres de la photographie d&rsquo;Arles qui se tient jusqu&rsquo;au 5 octobre, en France. De l&rsquo;Australie au Br\u00e9sil, les images indociles c\u00e9l\u00e8brent la diversit\u00e9 sous toutes ses formes.<\/p>\n<p>\u00ab\u00a0Les images sont l\u00e0 pour raconter des histoires mais aussi t\u00e9moigner sur ce qu\u2019on ne peut pas toujours voir\u00a0\u00bb, d\u00e9clare en pr\u00e9ambule Christophe Wiesner, directeur des Rencontres d&rsquo;Arles, invit\u00e9 dans La Matinale de la RTS le 17 juillet. Pour cette 56e \u00e9dition, le festival d\u00e9di\u00e9 \u00e0 la photographie fait la part belle aux images indociles. A l&rsquo;instar de l&rsquo;exposition australienne \u00ab\u00a0On Country\u00a0\u00bb dans laquelle des artistes autochtones et non-autochtones interrogent le lien \u00e0 la terre, \u00e0 la famille et \u00e0 l&rsquo;identit\u00e9.<\/p>\n<p>Mise en lumi\u00e8re des marginalis\u00e9s<\/p>\n<p>Aborig\u00e8nes d&rsquo;Australie, d\u00e9munis en Sicile ou communaut\u00e9 trans de Rio, la 56e \u00e9dition des Rencontres d&rsquo;Arles donne de la place \u00e0 celles et ceux que la soci\u00e9t\u00e9 pr\u00e9f\u00e8re ignorer. \u00ab\u00a0La photo a beaucoup de ressorts pour pouvoir justement t\u00e9moigner de toute la diversit\u00e9 de notre humanit\u00e9, que ce soit de genre, de race, d&rsquo;origine, et m\u00eame aussi bien, au niveau sociologique que politique\u00a0\u00bb, explique Christophe Wiesner.<\/p>\n<p>\u00ab\u00a0Plusieurs expositions ont \u00e9t\u00e9 construites autour de cette id\u00e9e des communaut\u00e9s, poursuit le directeur. Il faut aussi se rendre compte que beaucoup de ces artistes, issus de minorit\u00e9s, n&rsquo;avaient pas voix au chapitre. Et l\u00e0 on voit maintenant petit \u00e0 petit l&rsquo;\u00e9mergence en fait d&rsquo;une d&rsquo;une nouvelle g\u00e9n\u00e9ration qui prend place \u00e0 la discussion\u00a0\u00bb.<\/p>\n<p> &gt;&gt; A \u00e9couter, Christophe Wiesner, directeur des Rencontres de la photographie d&rsquo;Arles, dans La Matinale\u00a0:    L&rsquo;invit\u00e9 de la matinale &#8211; Christophe Wiesner, directeur des Rencontres de la photographie d&rsquo;Arles \/ L&rsquo;invit\u00e9-e de La Matinale \/ 14 min. \/ jeudi \u00e0 07:32 Une utilisation tr\u00e8s mod\u00e9r\u00e9e de l&rsquo;IA<\/p>\n<p>\u00ab\u00a0Sur les quelque 160 artistes des Rencontres d&rsquo;Arles, seulement deux ont utilis\u00e9 l&rsquo;intelligence artificielle, pr\u00e9cise Christophe Wiesner. J&rsquo;aurais tendance \u00e0 consid\u00e9rer que, pour le moment, c&rsquo;est un outil suppl\u00e9mentaire pour les artistes. Dans le cadre des Rencontres, les deux photographes d&rsquo;origine br\u00e9silienne qui utilisent l&rsquo;IA le font pour t\u00e9moigner d&rsquo;histoires qui n&rsquo;ont pas \u00e9t\u00e9 document\u00e9es\u00a0\u00bb.<\/p>\n<p>\u00ab\u00a0Dans un cas, il s&rsquo;agit de repr\u00e9senter des communaut\u00e9s afro-br\u00e9siliennes et lesbiennes dans un style fin XIXe d\u00e9but XXe si\u00e8cle, sous forme de petites photographies vintage. Dans l&rsquo;autre cas, l&rsquo;artiste a utilis\u00e9 l&rsquo;IA pour raconter des histoires autour de sa communaut\u00e9 amazonienne\u00a0\u00bb, d\u00e9taille le directeur des Rencontres d&rsquo;Arles.<\/p>\n<p class=\"sources\">Des propos recueillis par Aleksandra Planinic.<\/p>\n<p class=\"credit\">Adaptation web: Sarah Cl\u00e9ment<\/p>\n<p class=\"article-footnote\">Les Rencontres de la photographie d&rsquo;Arles (F), du 7 juillet au 5 octobre 2025.<\/p>\n","protected":false},"excerpt":{"rendered":"Affirmer la puissance de la photographie face aux menaces nationalistes et climatiques, c&rsquo;est ce que propose la 56e&hellip;\n","protected":false},"author":2,"featured_media":263088,"comment_status":"","ping_status":"","sticky":false,"template":"","format":"standard","meta":{"footnotes":""},"categories":[1358],"tags":[2593,1348,1384,1385,1693,2502,251,1386,7889,58,59,3293,37349,1011,27,937,223,1756,5486,35279,767,1969,8619,8620],"class_list":{"0":"post-263087","1":"post","2":"type-post","3":"status-publish","4":"format-standard","5":"has-post-thumbnail","7":"category-arts-et-design","8":"tag-artiste","9":"tag-arts","10":"tag-arts-and-design","11":"tag-arts-et-design","12":"tag-arts-et-divertissement","13":"tag-arts-visuels","14":"tag-culture","15":"tag-design","16":"tag-directeur","17":"tag-divertissement","18":"tag-entertainment","19":"tag-exposition","20":"tag-exposition-artistique","21":"tag-fr","22":"tag-france","23":"tag-histoire","24":"tag-intelligence-artificielle","25":"tag-photographie","26":"tag-rencontre","27":"tag-rencontres-darles","28":"tag-science-et-technologie","29":"tag-style","30":"tag-technologie-de-linformation-et-informatique","31":"tag-technologie-et-ingenierie"},"share_on_mastodon":{"url":"https:\/\/pubeurope.com\/@fr\/114890692641191848","error":""},"_links":{"self":[{"href":"https:\/\/www.europesays.com\/fr\/wp-json\/wp\/v2\/posts\/263087","targetHints":{"allow":["GET"]}}],"collection":[{"href":"https:\/\/www.europesays.com\/fr\/wp-json\/wp\/v2\/posts"}],"about":[{"href":"https:\/\/www.europesays.com\/fr\/wp-json\/wp\/v2\/types\/post"}],"author":[{"embeddable":true,"href":"https:\/\/www.europesays.com\/fr\/wp-json\/wp\/v2\/users\/2"}],"replies":[{"embeddable":true,"href":"https:\/\/www.europesays.com\/fr\/wp-json\/wp\/v2\/comments?post=263087"}],"version-history":[{"count":0,"href":"https:\/\/www.europesays.com\/fr\/wp-json\/wp\/v2\/posts\/263087\/revisions"}],"wp:featuredmedia":[{"embeddable":true,"href":"https:\/\/www.europesays.com\/fr\/wp-json\/wp\/v2\/media\/263088"}],"wp:attachment":[{"href":"https:\/\/www.europesays.com\/fr\/wp-json\/wp\/v2\/media?parent=263087"}],"wp:term":[{"taxonomy":"category","embeddable":true,"href":"https:\/\/www.europesays.com\/fr\/wp-json\/wp\/v2\/categories?post=263087"},{"taxonomy":"post_tag","embeddable":true,"href":"https:\/\/www.europesays.com\/fr\/wp-json\/wp\/v2\/tags?post=263087"}],"curies":[{"name":"wp","href":"https:\/\/api.w.org\/{rel}","templated":true}]}}