{"id":263089,"date":"2025-07-21T10:13:15","date_gmt":"2025-07-21T10:13:15","guid":{"rendered":"https:\/\/www.europesays.com\/fr\/263089\/"},"modified":"2025-07-21T10:13:15","modified_gmt":"2025-07-21T10:13:15","slug":"les-lectures-de-lete-de-nicolas-mathieu","status":"publish","type":"post","link":"https:\/\/www.europesays.com\/fr\/263089\/","title":{"rendered":"Les lectures de l&rsquo;\u00e9t\u00e9 de&#8230; Nicolas Mathieu"},"content":{"rendered":"<p>Que liront les \u00e9crivain\u00b7es cet \u00e9t\u00e9 ? On a demand\u00e9 \u00e0 plusieurs auteur\u00b7ices les livres qu\u2019ils emportaient dans leur valise pour leurs vacances. Aujourd\u2019hui, Nicolas Mathieu nous parle de Duras. <\/p>\n<p>\u201cTous les \u00e9t\u00e9s, je me dis que je vais relire <a href=\"https:\/\/www.lesinrocks.com\/livres\/livres-comment-rater-ses-vacances-en-couple-117702-01-08-2010\/\" target=\"_blank\" rel=\"noopener\">Les petits chevaux de Tarquinia<\/a>, parce que c\u2019est un roman des vacances, de la vacance, de la chaleur assommante, du farniente total, et en m\u00eame temps d\u2019une certaine insouciance. Parce que lorsqu\u2019il fait 40 degr\u00e9s chez Duras, en Italie et dans les ann\u00e9es 1950, c\u2019est une occasion pour se laisser aller \u00e0 la l\u00e9thargie. La chaleur est une humeur, un cadre, une possibilit\u00e9 dramatique, et pas l\u2019annonce de la fin du monde. Et puis dans ce livre on boit des bitter campari \u00e0 chaque page, ce qui n\u2019est pas d\u00e9sagr\u00e9able.\u201d<strong>\u00a0<\/strong><\/p>\n<p>Publi\u00e9 en 1953 chez Gallimard, le cinqui\u00e8me livre de Marguerite Duras met en sc\u00e8ne un groupe d\u2019ami\u00b7es fran\u00e7ais\u00b7es, parti pour quelques semaines de vacances en Italie dans la villa de l\u2019un d\u2019eux. Sous une chaleur \u00e9crasante, ils et elles s\u2019ennuient, s\u2019aiment, se quittent, se retrouvent, boivent, aimeraient changer de vie, et Duras observe finement les relations de pouvoir \u00e0 l\u2019\u0153uvre dans le microcosme. Le livre a \u00e9t\u00e9 librement adapt\u00e9 au cin\u00e9ma par <a href=\"https:\/\/www.lesinrocks.com\/cinema\/azuro-matthieu-roze-adapte-duras-sous-le-soleil-faussement-leger-de-litalie-452711-29-03-2022\/\" target=\"_blank\" rel=\"noopener\">Matthieu Roz\u00e9 en 2022 sous le titre Azuro.\u00a0<\/a><\/p>\n<p><strong>Les petits chevaux de Tarquinia, de Marguerite Duras (Folio Gallimard) 224 p., 8 \u20ac<\/strong><\/p>\n<p><strong>Nicolas Mathieu, dernier livre publi\u00e9\u00a0: <a href=\"https:\/\/www.lesinrocks.com\/livres\/le-ciel-ouvert-nicolas-mathieu-sessaie-au-recit-autobiographique-et-cest-somptueux-605230-09-02-2024\/\" target=\"_blank\" rel=\"noopener\">Le ciel ouvert. Illustr\u00e9 par Aline Zalko<\/a> (Aces sud 2024) 128 p., 18,50 \u20ac<\/strong><\/p>\n<p><strong>Propos recueillis par Sylvie Tanette <\/strong><\/p>\n","protected":false},"excerpt":{"rendered":"Que liront les \u00e9crivain\u00b7es cet \u00e9t\u00e9 ? On a demand\u00e9 \u00e0 plusieurs auteur\u00b7ices les livres qu\u2019ils emportaient dans&hellip;\n","protected":false},"author":2,"featured_media":263090,"comment_status":"","ping_status":"","sticky":false,"template":"","format":"standard","meta":{"footnotes":""},"categories":[1357],"tags":[1379,8716,58,59,1011,27,1380,40269],"class_list":{"0":"post-263089","1":"post","2":"type-post","3":"status-publish","4":"format-standard","5":"has-post-thumbnail","7":"category-livres","8":"tag-books","9":"tag-cafeyn","10":"tag-divertissement","11":"tag-entertainment","12":"tag-fr","13":"tag-france","14":"tag-livres","15":"tag-nicolas-mathieu"},"share_on_mastodon":{"url":"https:\/\/pubeurope.com\/@fr\/114890696631476908","error":""},"_links":{"self":[{"href":"https:\/\/www.europesays.com\/fr\/wp-json\/wp\/v2\/posts\/263089","targetHints":{"allow":["GET"]}}],"collection":[{"href":"https:\/\/www.europesays.com\/fr\/wp-json\/wp\/v2\/posts"}],"about":[{"href":"https:\/\/www.europesays.com\/fr\/wp-json\/wp\/v2\/types\/post"}],"author":[{"embeddable":true,"href":"https:\/\/www.europesays.com\/fr\/wp-json\/wp\/v2\/users\/2"}],"replies":[{"embeddable":true,"href":"https:\/\/www.europesays.com\/fr\/wp-json\/wp\/v2\/comments?post=263089"}],"version-history":[{"count":0,"href":"https:\/\/www.europesays.com\/fr\/wp-json\/wp\/v2\/posts\/263089\/revisions"}],"wp:featuredmedia":[{"embeddable":true,"href":"https:\/\/www.europesays.com\/fr\/wp-json\/wp\/v2\/media\/263090"}],"wp:attachment":[{"href":"https:\/\/www.europesays.com\/fr\/wp-json\/wp\/v2\/media?parent=263089"}],"wp:term":[{"taxonomy":"category","embeddable":true,"href":"https:\/\/www.europesays.com\/fr\/wp-json\/wp\/v2\/categories?post=263089"},{"taxonomy":"post_tag","embeddable":true,"href":"https:\/\/www.europesays.com\/fr\/wp-json\/wp\/v2\/tags?post=263089"}],"curies":[{"name":"wp","href":"https:\/\/api.w.org\/{rel}","templated":true}]}}