{"id":263091,"date":"2025-07-21T10:14:23","date_gmt":"2025-07-21T10:14:23","guid":{"rendered":"https:\/\/www.europesays.com\/fr\/263091\/"},"modified":"2025-07-21T10:14:23","modified_gmt":"2025-07-21T10:14:23","slug":"ce-nouveau-personnage-qui-va-bientot-f","status":"publish","type":"post","link":"https:\/\/www.europesays.com\/fr\/263091\/","title":{"rendered":"ce nouveau personnage qui va bient\u00f4t f &#8230;"},"content":{"rendered":"<p>EN BREF<\/p>\n<ul class=\"bloc_resume_post_list\">\n<li>Armelle Deutsch rejoint le casting de la s\u00e9rie \u00ab\u00a0Ici tout<br \/>\ncommence&rsquo; sur TF1.<\/li>\n<li>La com\u00e9dienne se glissera dans la peau d&rsquo;El\u00e9onore, la<br \/>\nm\u00e8re de Gaspard et Malo Delange.<\/li>\n<li>Son arche sera notamment centr\u00e9e sur la relation complexe<br \/>\nd&rsquo;El\u00e9onore et Gaspard.<\/li>\n<\/ul>\n<p>Une nouvelle t\u00eate d\u00e9barque \u00e0 l\u2019Institut Auguste Armand\u00a0!<br \/>\nSelon nos informations exclusives, la com\u00e9dienne Armelle Deutsch<br \/>\nfera bient\u00f4t son entr\u00e9e au casting de la s\u00e9rie <a href=\"https:\/\/www.telestar.fr\/serie-tv\/ici-tout-commence\" target=\"_blank\" rel=\"noopener\">Ici tout<br \/>\ncommence<\/a>, sur TF1. Elle se glissera dans la peau<br \/>\nd\u2019<strong>El\u00e9onore, la m\u00e8re de<\/strong> <a href=\"https:\/\/www.telestar.fr\/serie_tv\/ici-tout-commence-spoilers-le-sort-sacharne-sur-gaspard-et-stanislas-est-jaloux-de-gaetan-1704882\" target=\"_blank\" rel=\"noopener\"><br \/>\nGaspard (Maxym Anxiaux)<\/a> et Malo (Romain Bouix) Delange.<\/p>\n<p>Pleine de charme et d\u2019\u00e9l\u00e9gance, El\u00e9onore est le genre de femmes<br \/>\nque l\u2019on remarque d\u00e8s qu\u2019elle entre dans une pi\u00e8ce. Tout le monde<br \/>\nse retourne sur son passage, mais <strong>une personne reste<br \/>\ntotalement imperm\u00e9able \u00e0 son charme\u00a0: son fils,<br \/>\nGaspard.<\/strong> Depuis quelques temps, m\u00e8re et fils n\u2019arrivent<br \/>\nplus du tout \u00e0 communiquer\u2026<\/p>\n<p>Arriv\u00e9e pr\u00e9vue \u00e0 la rentr\u00e9e<\/p>\n<p>Arriv\u00e9e sur le tournage ce lundi 21 juillet, Armelle Deutsch<br \/>\nfera vraisemblablement son entr\u00e9e dans le feuilleton apr\u00e8s la<br \/>\nrentr\u00e9e 2025. <strong>La date pr\u00e9cise de son premier \u00e9pisode reste<br \/>\n\u00e0 confirmer.<\/strong><\/p>\n<p>R\u00e9v\u00e9l\u00e9e en 2001 dans la com\u00e9die \u00e0 succ\u00e8s de Francis Veber,<br \/>\nLe Placard, Armelle Deutsch est notamment connue pour ses<br \/>\nr\u00f4les au cin\u00e9ma dans Vive la vie (2005) de Didier Bourdon,<br \/>\nLa Diff\u00e9rence, c&rsquo;est que c&rsquo;est pas pareil (2009) de Pascal<br \/>\nLa\u00ebthier, Henri IV (2011) de Jo Baier et R.I.F.<br \/>\n(Recherches dans l&rsquo;Int\u00e9r\u00eat des Familles) (2011) de Franck<br \/>\nMancuso. A la t\u00e9l\u00e9vision, <strong>Armelle Deutsch a incarn\u00e9 la<br \/>\ncapitaine de police Elodie Bradford<\/strong> dans la s\u00e9rie du m\u00eame<br \/>\nnom, diffus\u00e9e de 2004 \u00e0 2007 sur <a href=\"https:\/\/www.telestar.fr\/tag\/m6\" target=\"_blank\" rel=\"noopener\">M6<\/a>. Elle a \u00e9galement fait des<br \/>\napparitions dans Le Myst\u00e8re du lac, Nina, <a href=\"https:\/\/www.telestar.fr\/serie-tv\/candice-renoir-la-saison-10-sera-la-derniere-684564\" target=\"_blank\" rel=\"noopener\"><br \/>\nCandice Renoir<\/a>, Sam et <a href=\"https:\/\/www.telestar.fr\/serie_tv\/leo-mattei-une-saison-13-pour-la-serie-avec-jean-luc-reichmann-il-repond-1727144\" target=\"_blank\" rel=\"noopener\"><br \/>\nL\u00e9o Matte\u00ef, Brigade des mineurs<\/a>.<\/p>\n<p>Com\u00e9dienne reconnue, elle est aussi<br \/>\nl\u2019\u00e9pouse de Thomas Jouannet<\/p>\n<p>A la ville, <strong>Deutsch est l\u2019\u00e9pouse de l\u2019acteur suisse<br \/>\nThomas Jouannet,<\/strong> avec lequel elle a deux filles. Elle est<br \/>\n\u00e9galement la belle-m\u00e8re de la fille de ce dernier, Chlo\u00e9 Jouannet,<br \/>\nn\u00e9e de son union avec l\u2019actrice <a href=\"https:\/\/www.telestar.fr\/tag\/alexandra-lamy\" target=\"_blank\" rel=\"noopener\">Alexandra<br \/>\nLamy<\/a>.<\/p>\n<p>Selon nos informations, la com\u00e9dienne de 46 ans tiendra le r\u00f4le<br \/>\nd\u2019El\u00e9onore <strong>en qualit\u00e9 de guest.<\/strong> Elle ne sera donc<br \/>\npr\u00e9sente que dans quelques \u00e9pisodes d\u2019Ici tout<br \/>\ncommence.<\/p>\n","protected":false},"excerpt":{"rendered":"EN BREF Armelle Deutsch rejoint le casting de la s\u00e9rie \u00ab\u00a0Ici tout commence&rsquo; sur TF1. La com\u00e9dienne se&hellip;\n","protected":false},"author":2,"featured_media":263092,"comment_status":"","ping_status":"","sticky":false,"template":"","format":"standard","meta":{"footnotes":""},"categories":[1356],"tags":[548,58,59,1011,27,620,252,1364],"class_list":{"0":"post-263091","1":"post","2":"type-post","3":"status-publish","4":"format-standard","5":"has-post-thumbnail","7":"category-television","8":"tag-article-simple","9":"tag-divertissement","10":"tag-entertainment","11":"tag-fr","12":"tag-france","13":"tag-ici-tout-commence","14":"tag-television","15":"tag-tv"},"share_on_mastodon":{"url":"https:\/\/pubeurope.com\/@fr\/114890700551684577","error":""},"_links":{"self":[{"href":"https:\/\/www.europesays.com\/fr\/wp-json\/wp\/v2\/posts\/263091","targetHints":{"allow":["GET"]}}],"collection":[{"href":"https:\/\/www.europesays.com\/fr\/wp-json\/wp\/v2\/posts"}],"about":[{"href":"https:\/\/www.europesays.com\/fr\/wp-json\/wp\/v2\/types\/post"}],"author":[{"embeddable":true,"href":"https:\/\/www.europesays.com\/fr\/wp-json\/wp\/v2\/users\/2"}],"replies":[{"embeddable":true,"href":"https:\/\/www.europesays.com\/fr\/wp-json\/wp\/v2\/comments?post=263091"}],"version-history":[{"count":0,"href":"https:\/\/www.europesays.com\/fr\/wp-json\/wp\/v2\/posts\/263091\/revisions"}],"wp:featuredmedia":[{"embeddable":true,"href":"https:\/\/www.europesays.com\/fr\/wp-json\/wp\/v2\/media\/263092"}],"wp:attachment":[{"href":"https:\/\/www.europesays.com\/fr\/wp-json\/wp\/v2\/media?parent=263091"}],"wp:term":[{"taxonomy":"category","embeddable":true,"href":"https:\/\/www.europesays.com\/fr\/wp-json\/wp\/v2\/categories?post=263091"},{"taxonomy":"post_tag","embeddable":true,"href":"https:\/\/www.europesays.com\/fr\/wp-json\/wp\/v2\/tags?post=263091"}],"curies":[{"name":"wp","href":"https:\/\/api.w.org\/{rel}","templated":true}]}}