{"id":263093,"date":"2025-07-21T10:15:17","date_gmt":"2025-07-21T10:15:17","guid":{"rendered":"https:\/\/www.europesays.com\/fr\/263093\/"},"modified":"2025-07-21T10:15:17","modified_gmt":"2025-07-21T10:15:17","slug":"pomme-devastee-le-premier-amour-de-la-chanteuse-est-decede","status":"publish","type":"post","link":"https:\/\/www.europesays.com\/fr\/263093\/","title":{"rendered":"Pomme d\u00e9vast\u00e9e\u00a0: le \u00ab\u00a0premier amour\u00a0\u00bb de la chanteuse est d\u00e9c\u00e9d\u00e9"},"content":{"rendered":"<p>Elle est \u00e0 croquer\u00a0! En l&rsquo;espace de quelques ann\u00e9es, <strong>Pomme a bien m\u00fbri<\/strong>. Gr\u00e2ce \u00e0 sa pugnacit\u00e9, <a href=\"https:\/\/www.public.fr\/la-chanteuse-francaise-pomme-declare-la-guerre-a-kanye-west-je-nai-jamais-donne-mon-accord\" target=\"_blank\" rel=\"noopener\">la chanteuse de 28 ans<\/a> a su se d\u00e9marquer de celles et ceux qui tentent inlassablement de \u00ab\u00a0percer\u00a0\u00bb dans l&rsquo;univers musical. Sa carri\u00e8re\u00a0? Elle a commenc\u00e9 <strong>il y a moins de dix ans<\/strong> avec la sortie, en 2016, d&rsquo;un premier EP intitul\u00e9 En cavale suivi de son premier album \u00c0 peu pr\u00e8s. Puis, <strong>tout s&rsquo;est acc\u00e9l\u00e9r\u00e9<\/strong>. En 2020, l&rsquo;amie d&rsquo;Ang\u00e8le a d\u00e9croch\u00e9 <strong>sa premi\u00e8re Victoire de la musique<\/strong> gr\u00e2ce \u00e0 son deuxi\u00e8me album Les Failles. L&rsquo;ann\u00e9e suivante, elle triomphera une nouvelle fois en remportant cette fois la <strong>Victoire de l&rsquo;artiste interpr\u00e8te f\u00e9minine<\/strong>.<\/p>\n<p>Troisi\u00e8me album (Consolation), quatri\u00e8me album (Saisons),&#8230; D\u00e9sormais, Pomme fait partie des <strong>artistes incontournables <\/strong>de la sc\u00e8ne fran\u00e7aise. Preuve en est, il y a quelques jours encore, <a href=\"https:\/\/www.public.fr\/pomme-apres-la-mort-de-nahel-la-chanteuse-prend-part-a-l-immense-greve-des-artistes-et-denonce-le-systeme-foncierement-raciste\" target=\"_blank\" rel=\"noopener\">la native de D\u00e9cines <\/a>dans la m\u00e9tropole lyonnaise s&rsquo;est produite, chez elle, <strong>sur la sc\u00e8ne des Nuits de Fourvi\u00e8res<\/strong>. Si l&rsquo;\u00e9t\u00e9 semblait jusque-l\u00e0 radieux pour <a href=\"https:\/\/www.public.fr\/tres-mauvais-allez-on-remballe-cet-hommage-de-pomme-a-diam-s-qui-ne-passe-pas\" target=\"_blank\" rel=\"noopener\">la femme de Safia Nolin<\/a>, cette derni\u00e8re vient d&rsquo;apprendre <strong>une bien triste nouvelle.<\/strong> Une nouvelle qu&rsquo;elle a tenu \u00e0 partager \u00e0 ses milliers d&rsquo;abonn\u00e9s sur Instagram.<\/p>\n<p>Ce dimanche 20\u00a0juillet, <a href=\"https:\/\/www.public.fr\/la-chanteuse-francaise-pomme-declare-la-guerre-a-kanye-west-je-nai-jamais-donne-mon-accord\" target=\"_blank\" rel=\"noopener\">la musicienne<\/a> a ainsi post\u00e9 un carrousel de photos\/vid\u00e9os <strong>en compagnie de son chien pr\u00e9nomm\u00e9 Floppy<\/strong>. Malheureusement, l&rsquo;animal est d\u00e9c\u00e9d\u00e9 il y a quelques jours. \u00ab\u00a0<strong>21.03.10 &#8211; 10.07.25 mon premier amour de chien<\/strong>\u00ab\u00a0, a sobrement \u00e9crit Pomme en l\u00e9gende de sa publication. Sur le premier clich\u00e9, <a href=\"https:\/\/www.public.fr\/pomme-apres-la-mort-de-nahel-la-chanteuse-prend-part-a-l-immense-greve-des-artistes-et-denonce-le-systeme-foncierement-raciste\" target=\"_blank\" rel=\"noopener\">l&rsquo;interpr\u00e8te de Soleil soleil<\/a> <strong>appara\u00eet adolescente<\/strong> et tr\u00e8s proche de son compagnon de longue date. En commentaires, Pomme a re\u00e7u <strong>une avalanche de soutien<\/strong>. Ses fans se sont mobilis\u00e9s mais aussi <strong>des personnalit\u00e9s<\/strong> comme Alex Lutz, \u00c9nora Malagr\u00e9, Natasha St-Pier, \u00c9lodie Fr\u00e9g\u00e9 ou encore <a href=\"https:\/\/www.public.fr\/zaz-nest-pas-certaine-de-vouloir-rempiler-dans-the-voice-cest-fatigant-stressant\" target=\"_blank\" rel=\"noopener\">Zaz<\/a>.<\/p>\n<p>Pomme\u00a0: bient\u00f4t de retour au cin\u00e9ma<\/p>\n<p>Peut-\u00eatre que la travailleuse acharn\u00e9e qu&rsquo;est Pomme lui permettra de faire son deuil plus rapidement\u00a0; du moins on ne peut que lui souhaiter. En tout cas, <a href=\"https:\/\/www.google.com\/url?sa=t&amp;source=web&amp;rct=j&amp;opi=89978449&amp;url=https:\/\/vsd.fr\/405-pomme-interview\/&amp;ved=2ahUKEwiR37awvM2OAxVkLPsDHQkAGQkQFnoECBcQAQ&amp;usg=AOvVaw22AJSS__A7A8ilG_y4SM-X\" target=\"_blank\" rel=\"noopener\">la chanteuse<\/a> ne manque pas de projets. En effet, en plus de la musique, cette derni\u00e8re est aussi <strong>attir\u00e9e par le septi\u00e8me art<\/strong>. Souvenez-vous, en 2023, <a href=\"https:\/\/www.google.com\/url?sa=t&amp;source=web&amp;rct=j&amp;opi=89978449&amp;url=https:\/\/vsd.fr\/6520-musique-la-chanteuse-pomme-fruit-de-la-country\/&amp;ved=2ahUKEwiR37awvM2OAxVkLPsDHQkAGQkQFnoECBUQAQ&amp;usg=AOvVaw1ic6fleydQcAOZ7amMoSCq\" target=\"_blank\" rel=\"noopener\">la jolie brune<\/a> s&rsquo;est essay\u00e9e \u00e0 la com\u00e9die en interpr\u00e9tant Jeanne Francoeur dans La V\u00e9nus d&rsquo;argent d&rsquo;H\u00e9l\u00e9na Klotz. Actuellement, elle est aussi <strong>\u00e0 l&rsquo;affiche du dernier film de <a href=\"https:\/\/www.google.com\/url?sa=t&amp;source=web&amp;rct=j&amp;opi=89978449&amp;url=https:\/\/vsd.fr\/1136-interview-cedric-klapisch-les-vieux-cons-me-font-peur\/&amp;ved=2ahUKEwiGo7__vM2OAxWDRaQEHeNzNPMQFnoECBMQAQ&amp;usg=AOvVaw2T-Q8LJG_IdbaKTxJY8s4l\" target=\"_blank\" rel=\"noopener\">C\u00e9dric Klapisch<\/a><\/strong> intitul\u00e9 La Venue de l&rsquo;avenir.<\/p>\n<p>Mais ce n&rsquo;est pas tout, Pomme sera <strong>bient\u00f4t de retour sur grand \u00e9cran.<\/strong> En effet, la Lyonnaise s&rsquo;appr\u00eate \u00e0 jouer dans<strong> Peau d&rsquo;homme<\/strong>, une adaptation de la bande dessin\u00e9e \u00e0 succ\u00e8s d&rsquo;Hubert et Zanzim r\u00e9alis\u00e9e par L\u00e9a Domenach. Cette fois, elle tiendra <strong>le premier r\u00f4le<\/strong>\u00a0; celui de Bianca, une Italienne vivant \u00e0 l&rsquo;\u00e9poque de la Renaissance. Pour l&rsquo;occasion, elle aura la chance de donner la r\u00e9plique \u00e0 <strong><a href=\"https:\/\/www.google.com\/url?sa=t&amp;source=web&amp;rct=j&amp;opi=89978449&amp;url=https:\/\/vsd.fr\/66331-cetait-surtout-ma-fille-catherine-deneuve-confie-lun-des-moments-les-plus-genants-de-sa-carriere\/&amp;ved=2ahUKEwjrzbb-vc2OAxXCVaQEHY2uA-QQFnoECBsQAQ&amp;usg=AOvVaw06842gBtPo6XFtf18RBpLX\" target=\"_blank\" rel=\"noopener\">Catherine Deneuve<\/a>, Karin Viard<\/strong> ou encore <strong>Eddy de\u00a0Pretto.<\/strong> Rien que \u00e7a\u00a0!<\/p>\n<p>      Mentionn\u00e9s dans cet article<\/p>\n<p>\u00c0 lire aussi<\/p>\n","protected":false},"excerpt":{"rendered":"Elle est \u00e0 croquer\u00a0! En l&rsquo;espace de quelques ann\u00e9es, Pomme a bien m\u00fbri. Gr\u00e2ce \u00e0 sa pugnacit\u00e9, la&hellip;\n","protected":false},"author":2,"featured_media":263094,"comment_status":"","ping_status":"","sticky":false,"template":"","format":"standard","meta":{"footnotes":""},"categories":[1355],"tags":[1376,5551,4850,2715,58,59,1011,27,1361,873],"class_list":{"0":"post-263093","1":"post","2":"type-post","3":"status-publish","4":"format-standard","5":"has-post-thumbnail","7":"category-musique","8":"tag-amour","9":"tag-chanson-francaise","10":"tag-chien","11":"tag-disparition","12":"tag-divertissement","13":"tag-entertainment","14":"tag-fr","15":"tag-france","16":"tag-music","17":"tag-musique"},"share_on_mastodon":{"url":"https:\/\/pubeurope.com\/@fr\/114890704521323629","error":""},"_links":{"self":[{"href":"https:\/\/www.europesays.com\/fr\/wp-json\/wp\/v2\/posts\/263093","targetHints":{"allow":["GET"]}}],"collection":[{"href":"https:\/\/www.europesays.com\/fr\/wp-json\/wp\/v2\/posts"}],"about":[{"href":"https:\/\/www.europesays.com\/fr\/wp-json\/wp\/v2\/types\/post"}],"author":[{"embeddable":true,"href":"https:\/\/www.europesays.com\/fr\/wp-json\/wp\/v2\/users\/2"}],"replies":[{"embeddable":true,"href":"https:\/\/www.europesays.com\/fr\/wp-json\/wp\/v2\/comments?post=263093"}],"version-history":[{"count":0,"href":"https:\/\/www.europesays.com\/fr\/wp-json\/wp\/v2\/posts\/263093\/revisions"}],"wp:featuredmedia":[{"embeddable":true,"href":"https:\/\/www.europesays.com\/fr\/wp-json\/wp\/v2\/media\/263094"}],"wp:attachment":[{"href":"https:\/\/www.europesays.com\/fr\/wp-json\/wp\/v2\/media?parent=263093"}],"wp:term":[{"taxonomy":"category","embeddable":true,"href":"https:\/\/www.europesays.com\/fr\/wp-json\/wp\/v2\/categories?post=263093"},{"taxonomy":"post_tag","embeddable":true,"href":"https:\/\/www.europesays.com\/fr\/wp-json\/wp\/v2\/tags?post=263093"}],"curies":[{"name":"wp","href":"https:\/\/api.w.org\/{rel}","templated":true}]}}