{"id":263097,"date":"2025-07-21T10:17:17","date_gmt":"2025-07-21T10:17:17","guid":{"rendered":"https:\/\/www.europesays.com\/fr\/263097\/"},"modified":"2025-07-21T10:17:17","modified_gmt":"2025-07-21T10:17:17","slug":"faut-il-reellement-faire-confiance-aux-bracelets-anti-moustiques","status":"publish","type":"post","link":"https:\/\/www.europesays.com\/fr\/263097\/","title":{"rendered":"Faut-il r\u00e9ellement faire confiance aux bracelets anti-moustiques ?"},"content":{"rendered":"<p><strong>Sur Internet notamment, l\u2019offre en mati\u00e8re de bracelets<br \/>\nanti-moustiques est abondante. Pourtant, ces objets pr\u00e9sent\u00e9s comme<br \/>\nefficaces contre les moustiques ne sont pas vraiment recommand\u00e9s.<br \/>\nMalgr\u00e9 cela, ces bracelets ont la c\u00f4te !<\/strong><\/p>\n<p>Une efficacit\u00e9 jamais \u00e9t\u00e9 r\u00e9ellement d\u00e9montr\u00e9e<\/p>\n<p>Pour 5 ou 10 euros, il est facile de se procurer un bracelet<br \/>\nanti-moustiques. En th\u00e9orie, cet accessoire compl\u00e8te la liste des<br \/>\nmoyens de lutter contre <a href=\"https:\/\/sciencepost.fr\/etats-unis-homme-maladie-rare-apres-piqure-moustique\/\" target=\"_blank\" rel=\"noopener nofollow\">ces insectes d\u00e9sagr\u00e9ables durant<br \/>\nl\u2019\u00e9t\u00e9<\/a>. Plut\u00f4t pratique et consid\u00e9r\u00e9 comme un accessoire de<br \/>\nmode, ce genre de bracelet n\u2019est pourtant <strong>pas vraiment<br \/>\nrecommand\u00e9<\/strong>, surtout s\u2019il est question d\u2019en faire son<br \/>\nprincipal moyen de protection contre les moustiques.<\/p>\n<p>En 2019, l\u2019Agence nationale de s\u00e9curit\u00e9 sanitaire de<br \/>\nl\u2019alimentation, de l\u2019environnement et du travail (Anses) rendait<br \/>\npublique <a href=\"https:\/\/www.anses.fr\/fr\/system\/files\/Toxicovigilance2012SA0277Ra.pdf\" target=\"_blank\" rel=\"noopener nofollow\">une \u00e9tude compl\u00e8te<\/a> (PDF en<br \/>\nfran\u00e7ais \/ 20 pages) sur les <strong>r\u00e9actions cutan\u00e9es et<br \/>\noculaires<\/strong> aux bracelets r\u00e9pulsifs anti-insectes. En 2022,<br \/>\nl\u2019Institut Pasteur de Lille \u00e9voquait cet accessoire dans <a href=\"https:\/\/pasteur-lille.fr\/wp-content\/uploads\/2021\/03\/MOUSTIQUES_ET_TIQUES.pdf\" target=\"_blank\" rel=\"noopener nofollow\">ses recommandations<\/a> (PDF en<br \/>\nfran\u00e7ais \/ 8 pages) contre les piq\u00fbres de moustiques (et de<br \/>\ntiques). Le 29 juin 2025, <a href=\"https:\/\/actu.m6.fr\/information-et-magazines\/moustiques-mini-piscines-maillots-les-sujets-de-capital-diffuse-le-29-juin-sur-m6\" target=\"_blank\" rel=\"noopener nofollow\">un reportage du magazine Capital<\/a><br \/>\nest \u00e9galement revenu sur l\u2019utilisation de ces bracelets.<\/p>\n<p>Les bracelets anti-moustiques <strong>font partie des moyens non<br \/>\nrecommand\u00e9s<\/strong>, voir m\u00eame \u00e0 \u00e9viter pour les nourrissons et<br \/>\njeunes enfants et ce, pour une raison simple : leur efficacit\u00e9 n\u2019a<br \/>\njamais \u00e9t\u00e9 r\u00e9ellement d\u00e9montr\u00e9e. Les diff\u00e9rents travaux soulignent<br \/>\nune efficacit\u00e9 faible \u2013 voire inexistante \u2013 au-del\u00e0 de quelques<br \/>\ncentim\u00e8tre autour du bracelet. Par ailleurs, cette efficacit\u00e9<br \/>\nd\u00e9pend d\u2019une bonne diffusion du principe actif, ce qui est plus ou<br \/>\nmoins probant selon les marques. Surtout, certains travaux alertent<br \/>\nsur les <strong>risques d\u2019allergies cutan\u00e9es.<\/strong><\/p>\n<p><img loading=\"lazy\" data-lazyloaded=\"1\" decoding=\"async\" class=\"size-full wp-image-313264\" src=\"https:\/\/www.europesays.com\/fr\/wp-content\/uploads\/2025\/07\/iStock-2114848830.jpg\" alt=\"bracelet anti-moustiques\" width=\"2000\" height=\"1500\"  data-\/><\/p>\n<p class=\"istock-credit\" style=\"text-align:center\">Cr\u00e9dit :<br \/>\niStock<\/p>\n<p>Cr\u00e9dits : Oleksandr Sadovenko \/ iStockD\u2019autres solutions sont pr\u00e9f\u00e9rables<\/p>\n<p>Outre la protection contre les moustiques, les promesses de<br \/>\ncertains de ces bracelets sont nombreuses : produits naturels,<br \/>\nr\u00e9sistances \u00e0 l\u2019eau, aucune limite d\u2019utilisation dans le temps ou<br \/>\nencore, ciblage de certaines esp\u00e8ces de moustiques en particulier.<br \/>\nEn r\u00e9alit\u00e9, la plupart de ces affirmations <strong>ne sont<br \/>\naucunement prouv\u00e9es scientifiquement.<\/strong> Cependant, il s\u2019agit<br \/>\n\u00e9videmment d\u2019arguments mark\u00e9ting tr\u00e8s puissants, installant ce<br \/>\ngenre de produit parmi les plus populaires pour lutter contre les<br \/>\nmoustiques.<\/p>\n<p>Selon les experts, il est <strong>pr\u00e9f\u00e9rable de privil\u00e9gier<br \/>\nd\u2019autres solutions<\/strong>. Citons notamment les sprays au<br \/>\nN,N-Di\u00e9thyl-3-m\u00e9thylbenzamide (DEET), les huiles essentielles et<br \/>\nsurtout, le port de v\u00eatements longs et l\u2019utilisation de<br \/>\nmoustiquaires. D\u2019autres pr\u00e9cautions peuvent \u00eatre prises, par<br \/>\nexemple <strong>\u00e9viter de sortir aux heures de forte<br \/>\nactivit\u00e9<\/strong> des moustiques, \u00e0 savoir t\u00f4t le matin et en fin<br \/>\nde journ\u00e9e. En cas de pr\u00e9sence d\u2019eux stagnantes \u00e0 proximit\u00e9 du<br \/>\nlogement, \u00e9liminer ces derni\u00e8res peut \u00eatre judicieux afin d\u2019\u00e9viter<br \/>\nleur prolif\u00e9ration.<\/p>\n","protected":false},"excerpt":{"rendered":"Sur Internet notamment, l\u2019offre en mati\u00e8re de bracelets anti-moustiques est abondante. Pourtant, ces objets pr\u00e9sent\u00e9s comme efficaces contre&hellip;\n","protected":false},"author":2,"featured_media":263098,"comment_status":"","ping_status":"","sticky":false,"template":"","format":"standard","meta":{"footnotes":""},"categories":[10],"tags":[1011,27,72,71],"class_list":{"0":"post-263097","1":"post","2":"type-post","3":"status-publish","4":"format-standard","5":"has-post-thumbnail","7":"category-sante","8":"tag-fr","9":"tag-france","10":"tag-health","11":"tag-sante"},"share_on_mastodon":{"url":"https:\/\/pubeurope.com\/@fr\/114890713317109176","error":""},"_links":{"self":[{"href":"https:\/\/www.europesays.com\/fr\/wp-json\/wp\/v2\/posts\/263097","targetHints":{"allow":["GET"]}}],"collection":[{"href":"https:\/\/www.europesays.com\/fr\/wp-json\/wp\/v2\/posts"}],"about":[{"href":"https:\/\/www.europesays.com\/fr\/wp-json\/wp\/v2\/types\/post"}],"author":[{"embeddable":true,"href":"https:\/\/www.europesays.com\/fr\/wp-json\/wp\/v2\/users\/2"}],"replies":[{"embeddable":true,"href":"https:\/\/www.europesays.com\/fr\/wp-json\/wp\/v2\/comments?post=263097"}],"version-history":[{"count":0,"href":"https:\/\/www.europesays.com\/fr\/wp-json\/wp\/v2\/posts\/263097\/revisions"}],"wp:featuredmedia":[{"embeddable":true,"href":"https:\/\/www.europesays.com\/fr\/wp-json\/wp\/v2\/media\/263098"}],"wp:attachment":[{"href":"https:\/\/www.europesays.com\/fr\/wp-json\/wp\/v2\/media?parent=263097"}],"wp:term":[{"taxonomy":"category","embeddable":true,"href":"https:\/\/www.europesays.com\/fr\/wp-json\/wp\/v2\/categories?post=263097"},{"taxonomy":"post_tag","embeddable":true,"href":"https:\/\/www.europesays.com\/fr\/wp-json\/wp\/v2\/tags?post=263097"}],"curies":[{"name":"wp","href":"https:\/\/api.w.org\/{rel}","templated":true}]}}