{"id":263150,"date":"2025-07-21T11:01:21","date_gmt":"2025-07-21T11:01:21","guid":{"rendered":"https:\/\/www.europesays.com\/fr\/263150\/"},"modified":"2025-07-21T11:01:21","modified_gmt":"2025-07-21T11:01:21","slug":"tout-ce-quil-faut-savoir-5","status":"publish","type":"post","link":"https:\/\/www.europesays.com\/fr\/263150\/","title":{"rendered":"tout ce qu&rsquo;il faut savoir"},"content":{"rendered":"<p>            Par<br \/>\n        <strong><br \/>\n            <a href=\"https:\/\/actu.fr\/auteur\/lea-afonso\" title=\"Consulter tous les articles de L\u00e9a Afonso\" target=\"_blank\" rel=\"noopener\">L\u00e9a Afonso<\/a><br \/>\n        <\/strong><\/p>\n<p>        Publi\u00e9 le<\/p>\n<p>            21 juil. 2025 \u00e0 12h02        <\/p>\n<p>Il va falloir adapter ses d\u00e9placements\u2026 Durant <strong>quatre nuits d\u00e8s ce lundi 21\u00a0juillet<\/strong>, la <strong>ligne B<\/strong> du <a href=\"https:\/\/actu.fr\/tag\/tisseo\" target=\"_blank\" rel=\"noopener\">m\u00e9tro<\/a> de <a href=\"https:\/\/actu.fr\/toulouse\/\" target=\"_blank\" rel=\"noopener\">Toulouse<\/a> sera \u00e0 <strong>l\u2019arr\u00eat<\/strong> sur une partie du parcours. Voici ce qu\u2019il faut savoir.<\/p>\n<p>Sept arr\u00eats concern\u00e9s<\/p>\n<p class=\" wall-content\">Du lundi 21 au jeudi 24 juillet 2025, la <strong>ligne B<\/strong> du <strong>m\u00e9tro<\/strong> toulousain est <strong>interrompue en soir\u00e9e<\/strong> entre les stations <strong>Borderouge et Jeanne d\u2019Arc<\/strong>, en raison des travaux de prolongement de la ligne. Ainsi, sept arr\u00eats seront non desservis apr\u00e8s un dernier d\u00e9part de Borderouge \u00e0 21\u2009h\u200930.<\/p>\n<p class=\" wall-content\">Voici les stations concern\u00e9es\u2009: <strong>Borderouge, Trois Cocus, La Vache, Barri\u00e8re de Paris, Minimes Claude Nougaro, Canal du Midi, Compans Caffarelli.<\/strong><\/p>\n<p>Comment se d\u00e9placer\u2009?<\/p>\n<p class=\" wall-content\">Pour poursuivre tous d\u00e9placements, Tiss\u00e9o met en place des <strong>solutions<\/strong> provisoires\u2009:<\/p>\n<p class=\" wall-content\">\u00ab\u00a0\u00c0 partir de 21h30, des Bus Relais B\u2019 effectuent la liaison entre Borderouge et Jean Jaur\u00e8s. Dernier d\u00e9part de Borderouge\u2009: 0h00<br \/>Dernier d\u00e9part de\u00a0Jean Jaur\u00e8s\u2009: 0h28<br \/>Les lignes L1 et L14 effectuent la liaison entre Compans Caffarelli et Jean Jaur\u00e8s\u00a0\u00bb.\u00a0<\/p>\n<p>Vid\u00e9os : en ce moment sur Actu<br \/>\n    <img   decoding=\"async\" loading=\"lazy\" src=\"https:\/\/www.europesays.com\/fr\/wp-content\/uploads\/2025\/07\/capture-decran-2025-07-21-a-104727-960x640.png\" alt=\"Pour anticiper les d\u00e9placements, voici le plan de la ligne B' mise en place en soir\u00e9e \" width=\"960\" height=\"640\"\/><br \/>\n    Pour anticiper les d\u00e9placements, voici le plan de la ligne B\u2019 mise en place en soir\u00e9e (\u00a9Capture d\u2019\u00e9cran Tiss\u00e9o)Infos pratiques\u2009:<br \/>\nSur <a href=\"https:\/\/www.tisseo.fr\/public-content\/info\/03cc2abfb1e9b13f81fe46d84420406a.pdf\" target=\"_blank\" rel=\"noopener\">ce lien<\/a>, les horaires de la ligne B\u2019 en soir\u00e9e du 21 au 24\u00a0juillet<\/p>\n<p class=\" wall-content\">Suivez toute l\u2019actualit\u00e9 de vos villes et m\u00e9dias favoris en vous inscrivant \u00e0 <a href=\"https:\/\/moncompte.actu.fr\" title=\"D\u00e9couvez Mon Actu\" rel=\"nofollow noopener\" data-trk=\"{&quot;cta&quot;:{&quot;action&quot;:&quot;https:\\\/\\\/moncompte.actu.fr&quot;,&quot;category&quot;:&quot;mon compte&quot;,&quot;from&quot;:&quot;article footer&quot;,&quot;name&quot;:&quot;Mon actu&quot;,&quot;type&quot;:&quot;cta&quot;}}\" target=\"_blank\">Mon Actu<\/a>.<\/p>\n<ul class=\"ac-article-tag wall-content\">\n<li><a href=\"https:\/\/actu.fr\/tag\/metro-de-toulouse\" data-trk=\"{&quot;cta&quot;:{&quot;action&quot;:&quot;M\\u00e9tro de Toulouse&quot;,&quot;category&quot;:&quot;tag&quot;,&quot;from&quot;:&quot;article footer&quot;,&quot;name&quot;:&quot;M\\u00e9tro de Toulouse&quot;,&quot;type&quot;:&quot;cta&quot;}}\" target=\"_blank\" rel=\"noopener\">#M\u00e9tro de Toulouse<\/a><\/li>\n<li><a href=\"https:\/\/actu.fr\/tag\/tisseo\" data-trk=\"{&quot;cta&quot;:{&quot;action&quot;:&quot;Tiss\\u00e9o&quot;,&quot;category&quot;:&quot;tag&quot;,&quot;from&quot;:&quot;article footer&quot;,&quot;name&quot;:&quot;Tiss\\u00e9o&quot;,&quot;type&quot;:&quot;cta&quot;}}\" target=\"_blank\" rel=\"noopener\">#Tiss\u00e9o<\/a><\/li>\n<\/ul>\n","protected":false},"excerpt":{"rendered":"Par L\u00e9a Afonso Publi\u00e9 le 21 juil. 2025 \u00e0 12h02 Il va falloir adapter ses d\u00e9placements\u2026 Durant quatre&hellip;\n","protected":false},"author":2,"featured_media":263151,"comment_status":"","ping_status":"","sticky":false,"template":"","format":"standard","meta":{"footnotes":""},"categories":[2816],"tags":[1111,11,1777,674,1011,27,10596,12,2680,25,104,5400,2312],"class_list":{"0":"post-263150","1":"post","2":"type-post","3":"status-publish","4":"format-standard","5":"has-post-thumbnail","7":"category-toulouse","8":"tag-actu","9":"tag-actualites","10":"tag-eu","11":"tag-europe","12":"tag-fr","13":"tag-france","14":"tag-metro-de-toulouse","15":"tag-news","16":"tag-occitanie","17":"tag-republique-francaise","18":"tag-societe","19":"tag-tisseo","20":"tag-toulouse"},"share_on_mastodon":{"url":"https:\/\/pubeurope.com\/@fr\/114890885319683243","error":""},"_links":{"self":[{"href":"https:\/\/www.europesays.com\/fr\/wp-json\/wp\/v2\/posts\/263150","targetHints":{"allow":["GET"]}}],"collection":[{"href":"https:\/\/www.europesays.com\/fr\/wp-json\/wp\/v2\/posts"}],"about":[{"href":"https:\/\/www.europesays.com\/fr\/wp-json\/wp\/v2\/types\/post"}],"author":[{"embeddable":true,"href":"https:\/\/www.europesays.com\/fr\/wp-json\/wp\/v2\/users\/2"}],"replies":[{"embeddable":true,"href":"https:\/\/www.europesays.com\/fr\/wp-json\/wp\/v2\/comments?post=263150"}],"version-history":[{"count":0,"href":"https:\/\/www.europesays.com\/fr\/wp-json\/wp\/v2\/posts\/263150\/revisions"}],"wp:featuredmedia":[{"embeddable":true,"href":"https:\/\/www.europesays.com\/fr\/wp-json\/wp\/v2\/media\/263151"}],"wp:attachment":[{"href":"https:\/\/www.europesays.com\/fr\/wp-json\/wp\/v2\/media?parent=263150"}],"wp:term":[{"taxonomy":"category","embeddable":true,"href":"https:\/\/www.europesays.com\/fr\/wp-json\/wp\/v2\/categories?post=263150"},{"taxonomy":"post_tag","embeddable":true,"href":"https:\/\/www.europesays.com\/fr\/wp-json\/wp\/v2\/tags?post=263150"}],"curies":[{"name":"wp","href":"https:\/\/api.w.org\/{rel}","templated":true}]}}