{"id":263207,"date":"2025-07-21T11:33:14","date_gmt":"2025-07-21T11:33:14","guid":{"rendered":"https:\/\/www.europesays.com\/fr\/263207\/"},"modified":"2025-07-21T11:33:14","modified_gmt":"2025-07-21T11:33:14","slug":"bordeaux-cannes-les-3-buts-des-girondins-en-video","status":"publish","type":"post","link":"https:\/\/www.europesays.com\/fr\/263207\/","title":{"rendered":"Bordeaux-Cannes : les 3 buts des Girondins en vid\u00e9o"},"content":{"rendered":"<p><img decoding=\"async\" src=\"https:\/\/www.europesays.com\/fr\/wp-content\/uploads\/2025\/07\/671_8fad764547b1cd72cca885bebedb1476.jpg\" alt=\"Bordeaux-Cannes : les 3 buts des Girondins en vid\u00e9o\" class=\"img-responsive mt-3\"\/><\/p>\n<p class=\"text-center mb-3\" style=\"font-size: 14px\">\u00a9 Iconsport<\/p>\n<p>Le premier but de <a href=\"https:\/\/www.webgirondins.com\/actualite-mercato-girondins-bordeaux-met-3-joueurs-a-l-essai-face-a-l-as-cannes-129788\" target=\"_blank\" rel=\"noopener\">Demba Yatera<\/a> de la t\u00eate sur une passe d&rsquo;<a href=\"https:\/\/www.webgirondins.com\/actualite-girondins-girondins-reaction-d-adrian-sahibeddine-apres-la-victoire-face-a-l-as-cannes-129790\" target=\"_blank\" rel=\"noopener\">Adrian Sahibeddine<\/a> :<\/p>\n<p>\u00a0<\/p>\n<blockquote class=\"twitter-tweet\">\n<p dir=\"ltr\" lang=\"en\">BUTTTTTTTTTTTTTTT DE NOS GIRONDINS :blue_heart:<a href=\"https:\/\/twitter.com\/hashtag\/ASCFCGB?src=hash&amp;ref_src=twsrc%5Etfw\" target=\"_blank\" rel=\"noopener\">#ASCFCGB<\/a> <a href=\"https:\/\/twitter.com\/hashtag\/FCGB?src=hash&amp;ref_src=twsrc%5Etfw\" target=\"_blank\" rel=\"noopener\">#FCGB<\/a> <a href=\"https:\/\/t.co\/ISzPaIhnYV\">pic.twitter.com\/ISzPaIhnYV<\/a><\/p>\n<p>\u2014 tchouamenisque (@tchouamenisque) <a href=\"https:\/\/twitter.com\/tchouamenisque\/status\/1946611427915051413?ref_src=twsrc%5Etfw\" target=\"_blank\" rel=\"noopener\">July 19, 2025<\/a>\n<\/p><\/blockquote>\n<p>\u00a0<\/p>\n<p>Le deuxi\u00e8me but de Luigi Rizaldos (Il faut bien ouvrir les yeux) :<\/p>\n<blockquote class=\"twitter-tweet\">\n<p dir=\"ltr\" lang=\"fr\">Amical : Cannes &#8211; Bordeaux <br \/>0\u20e3-2\u20e3 pour les <a href=\"https:\/\/twitter.com\/girondins?ref_src=twsrc%5Etfw\" target=\"_blank\" rel=\"noopener\">@girondins<\/a> \u00e0 la mi-temps avec un 2\u20e3e but marqu\u00e9 par Luigi Rizaldos \u00e0 la 45e mn<\/p>\n<p>:video_camera: <a href=\"https:\/\/twitter.com\/ChefJimmy33?ref_src=twsrc%5Etfw\" target=\"_blank\" rel=\"noopener\">@ChefJimmy33<\/a><a href=\"https:\/\/twitter.com\/hashtag\/ASCFCGB?src=hash&amp;ref_src=twsrc%5Etfw\" target=\"_blank\" rel=\"noopener\">#ASCFCGB<\/a> <a href=\"https:\/\/twitter.com\/hashtag\/Girondins?src=hash&amp;ref_src=twsrc%5Etfw\" target=\"_blank\" rel=\"noopener\">#Girondins<\/a> <a href=\"https:\/\/t.co\/771Ae9b3zU\">pic.twitter.com\/771Ae9b3zU<\/a><\/p>\n<p>\u2014 PassioNey :blue_heart: (@NeyPhilippe) <a href=\"https:\/\/twitter.com\/NeyPhilippe\/status\/1946617084223316113?ref_src=twsrc%5Etfw\" target=\"_blank\" rel=\"noopener\">July 19, 2025<\/a>\n<\/p><\/blockquote>\n<p>\u00a0<\/p>\n<p>Le trois\u00e8me but de Lud\u00e9ric \u00c9tonde :<\/p>\n<blockquote class=\"twitter-tweet\">\n<p dir=\"ltr\" lang=\"fr\">\u26bd\ufe0f Troisi\u00e8me but des Girondins par Luderic Etonde 3-0<a href=\"https:\/\/twitter.com\/hashtag\/Girondins?src=hash&amp;ref_src=twsrc%5Etfw\" target=\"_blank\" rel=\"noopener\">#Girondins<\/a><a href=\"https:\/\/twitter.com\/hashtag\/FCGBASC?src=hash&amp;ref_src=twsrc%5Etfw\" target=\"_blank\" rel=\"noopener\">#FCGBASC<\/a> <a href=\"https:\/\/t.co\/J65n6HoZCX\">pic.twitter.com\/J65n6HoZCX<\/a><\/p>\n<p>\u2014 WebGirondins (@webgirondins) <a href=\"https:\/\/twitter.com\/webgirondins\/status\/1946623143507894497?ref_src=twsrc%5Etfw\" target=\"_blank\" rel=\"noopener\">July 19, 2025<\/a>\n<\/p><\/blockquote>\n<p>\u00a0<\/p>\n<p>\u00c0 lire aussi &gt;&gt;\u00a0<strong><a href=\"https:\/\/www.webgirondins.com\/actualite-girondins-n2-bayonne-chauray-montlouis-que-valent-les-futurs-adversaires-des-girondins-129781\" target=\"_blank\" rel=\"noopener\">N2. Bayonne, Chauray, Montlouis : que valent les futurs adversaires des Girondins ?<\/a><\/strong><\/p>\n<p>\u00a0<\/p>\n<p style=\"text-align: justify;\">\u00c9coutez la r\u00e9action de <a href=\"https:\/\/www.webgirondins.com\/actualite-girondins-girondins-luderic-etonde-l-atmosphere-est-incroyable-129791\" target=\"_blank\" rel=\"noopener\">Lud\u00e9ric \u00c9tonde<\/a> (buteur bordelais) apr\u00e8s la rencontre face \u00e0 Cannes :<\/p>\n<p>\u00a0<\/p>\n<p>N.P<\/p>\n<p>    <script async src=\"https:\/\/platform.twitter.com\/widgets.js\" charset=\"utf-8\"><\/script><\/p>\n","protected":false},"excerpt":{"rendered":"\u00a9 Iconsport Le premier but de Demba Yatera de la t\u00eate sur une passe d&rsquo;Adrian Sahibeddine : \u00a0&hellip;\n","protected":false},"author":2,"featured_media":263208,"comment_status":"","ping_status":"","sticky":false,"template":"","format":"standard","meta":{"footnotes":""},"categories":[1410],"tags":[1997,12475,7306,2823,63,1011,27,1987,30130,3289,7826,955,7910,29390,3982,2259,3333,60,133],"class_list":{"0":"post-263207","1":"post","2":"type-post","3":"status-publish","4":"format-standard","5":"has-post-thumbnail","7":"category-football","8":"tag-bordeaux","9":"tag-buts","10":"tag-cannes","11":"tag-face","12":"tag-football","13":"tag-fr","14":"tag-france","15":"tag-girondins","16":"tag-imposes","17":"tag-leur","18":"tag-lors","19":"tag-match","20":"tag-premier","21":"tag-preparation","22":"tag-samedi","23":"tag-score","24":"tag-sont","25":"tag-sports","26":"tag-video"},"share_on_mastodon":{"url":"https:\/\/pubeurope.com\/@fr\/114891011242623590","error":""},"_links":{"self":[{"href":"https:\/\/www.europesays.com\/fr\/wp-json\/wp\/v2\/posts\/263207","targetHints":{"allow":["GET"]}}],"collection":[{"href":"https:\/\/www.europesays.com\/fr\/wp-json\/wp\/v2\/posts"}],"about":[{"href":"https:\/\/www.europesays.com\/fr\/wp-json\/wp\/v2\/types\/post"}],"author":[{"embeddable":true,"href":"https:\/\/www.europesays.com\/fr\/wp-json\/wp\/v2\/users\/2"}],"replies":[{"embeddable":true,"href":"https:\/\/www.europesays.com\/fr\/wp-json\/wp\/v2\/comments?post=263207"}],"version-history":[{"count":0,"href":"https:\/\/www.europesays.com\/fr\/wp-json\/wp\/v2\/posts\/263207\/revisions"}],"wp:featuredmedia":[{"embeddable":true,"href":"https:\/\/www.europesays.com\/fr\/wp-json\/wp\/v2\/media\/263208"}],"wp:attachment":[{"href":"https:\/\/www.europesays.com\/fr\/wp-json\/wp\/v2\/media?parent=263207"}],"wp:term":[{"taxonomy":"category","embeddable":true,"href":"https:\/\/www.europesays.com\/fr\/wp-json\/wp\/v2\/categories?post=263207"},{"taxonomy":"post_tag","embeddable":true,"href":"https:\/\/www.europesays.com\/fr\/wp-json\/wp\/v2\/tags?post=263207"}],"curies":[{"name":"wp","href":"https:\/\/api.w.org\/{rel}","templated":true}]}}