{"id":263209,"date":"2025-07-21T11:34:10","date_gmt":"2025-07-21T11:34:10","guid":{"rendered":"https:\/\/www.europesays.com\/fr\/263209\/"},"modified":"2025-07-21T11:34:10","modified_gmt":"2025-07-21T11:34:10","slug":"zoe-kravitz-encore-une-qui-pense-que-lanorexie-est-a-la-mode-elle-a-beaucoup-maigri-depuis-sa-rupture-cest-triste-lactrice-victime-de-bodyshaming-sur-instagram","status":"publish","type":"post","link":"https:\/\/www.europesays.com\/fr\/263209\/","title":{"rendered":"Zo\u00eb Kravitz &#8211; \u00ab\u00a0Encore une qui pense que l&rsquo;anorexie est \u00e0 la mode\u00a0\u00bb, \u00ab\u00a0Elle a beaucoup maigri depuis sa rupture\u00a0\u00bb, \u00ab\u00a0C&rsquo;est triste\u00a0\u00bb : l&rsquo;actrice victime de bodyshaming sur Instagram"},"content":{"rendered":"<p><a data-i13n=\"cpos:1;pos:1\" href=\"https:\/\/fr.style.yahoo.com\/zo%C3%AB-kravitz-tient-encore-beaucoup-160939646.html\" data-ylk=\"slk:Zo\u00eb Kravitz;cpos:1;pos:1;elm:context_link;itc:0;sec:content-canvas;outcm:mb_qualified_link;_E:mb_qualified_link;ct:story;\" class=\"link  yahoo-link\" target=\"_blank\" rel=\"noopener\">Zo\u00eb Kravitz<\/a> a toujours \u00e9t\u00e9 relativement menue. La jeune actrice et r\u00e9alisatrice, \u00e2g\u00e9e de 36 ans, s&rsquo;est illustr\u00e9e dans de nombreux films, de \u00ab\u00a0X-Men : Le Commencement\u00a0\u00bb \u00e0 \u00ab\u00a0Divergente\u00a0\u00bb, en passant par \u00ab\u00a0Mad Max : Fury Road\u00a0\u00bb, sans oublier \u00ab\u00a0The Batman\u00a0\u00bb, o\u00f9 elle incarnait Catwoman face \u00e0 Robert Pattinson.<\/p>\n<p>C\u00f4t\u00e9 coeur, elle a partag\u00e9 la vie de l&rsquo;acteur Channing Tatum, d&rsquo;ao\u00fbt 2021 \u00e0 octobre 2024. Mais, depuis leur rupture, les internautes sont persuad\u00e9s qu&rsquo;elle va mal, et que sa perte de poids est li\u00e9e \u00e0 leur s\u00e9paration. Des critiques similaires \u00e0 <a data-i13n=\"cpos:2;pos:1\" href=\"https:\/\/fr.style.yahoo.com\/marion-cotillard-au-defile-chanel-je-la-trouve-super-triste-belle-malgre-le-chagrin-elle-a-des-emotions-comme-tout-le-monde-comment-tu-ferais-toi-avec-des-cameras-2424-les-internautes-sinquietent-pour-lactrice-084309965.html\" data-ylk=\"slk:celles r\u00e9cemment subies par Marion Cotillard;cpos:2;pos:1;elm:context_link;itc:0;sec:content-canvas;outcm:mb_qualified_link;_E:mb_qualified_link;ct:story;\" class=\"link  yahoo-link\" target=\"_blank\" rel=\"noopener\">celles r\u00e9cemment subies par Marion Cotillard<\/a>.<\/p>\n<p>Une photo qui fait r\u00e9agir<\/p>\n<p>Les derni\u00e8res apparitions de Zo\u00eb Kravitz lui avaient d\u00e9j\u00e0 valu des commentaires sur son apparence. A la Fashion Week de Paris, au mois de mars 2025, sa silhouette menue avait \u00e9t\u00e9 critiqu\u00e9e, notamment \u00e0 l&rsquo;occasion du d\u00e9fil\u00e9 Saint-Laurent, o\u00f9 elle \u00e9tait apparue seins nus. A l&rsquo;\u00e9poque, des internautes avaient \u00e9t\u00e9 jusqu&rsquo;\u00e0 dire qu&rsquo;elle avait un torse \u00ab\u00a0trop masculin\u00a0\u00bb.<\/p>\n<p>Cette fois-ci, c&rsquo;est une photo captur\u00e9e par un paparazzi, et partag\u00e9e par le compte Instagram de ragots DeuxMoi, qui fait couler beaucoup d&rsquo;encre. La jeune femme y appara\u00eet en mini-short et teeshirt, lunettes noires sur le nez et caf\u00e9 \u00e0 la main, perch\u00e9e sur des talons aiguilles. La jeune femme y apparait menue, le visage ferm\u00e9, et cela a suffi \u00e0 d\u00e9clencher des dizaines de commentaires sur son apparence.<\/p>\n<p>Les inqui\u00e9tudes des internautes<\/p>\n<p>Parmi les commentaires, certains flirtent purement et simplement avec la m\u00e9chancet\u00e9. \u00ab\u00a0Elle est trop maigre\u00a0\u00bb, \u00ab\u00a0Elle est mal nourrie, c&rsquo;est triste\u00a0\u00bb, \u00ab\u00a0Encore une qui pense que l&rsquo;anorexie est \u00e0 la mode\u00a0\u00bb, \u00ab\u00a0Que quelqu&rsquo;un lui donne \u00e0 manger\u00a0\u00bb, peut-on notamment lire sous la publication.<\/p>\n<p>L\u00e0 o\u00f9 d&rsquo;autres internautes rappellent que Zo\u00eb Kravitz a toujours eu une silhouette fr\u00eale et menue, au m\u00eame titre que sa m\u00e8re Lisa Bonnet, d&rsquo;ailleurs, d&rsquo;autres ne cachent pas leur inqui\u00e9tude. \u00ab\u00a0Elle a perdu beaucoup de poids en tr\u00e8s peu de temps\u00a0\u00bb, s&rsquo;inqui\u00e8te une internaute qui pr\u00e9cise : \u00ab\u00a0J&rsquo;esp\u00e8re que tout va bien pour elle.\u00a0\u00bb D&rsquo;autres y voient l&rsquo;influence de <a data-i13n=\"cpos:3;pos:1\" href=\"https:\/\/fr.style.yahoo.com\/zo%C3%AB-kravitz-d%C3%A9j%C3%A0-oubli%C3%A9e-channing-104617864.html\" data-ylk=\"slk:sa rupture avec Channing Tatum;cpos:3;pos:1;elm:context_link;itc:0;sec:content-canvas;outcm:mb_qualified_link;_E:mb_qualified_link;ct:story;\" class=\"link  yahoo-link\" target=\"_blank\" rel=\"noopener\">sa rupture avec Channing Tatum<\/a> : \u00ab\u00a0C&rsquo;est une tendance notable. Elle a beaucoup maigri apr\u00e8s sa rupture. Elle a aussi presque disparu du public, \u00e9vitant certains \u00e9v\u00e9nements qui lui sont indispensables, comme le Met\u00a0\u00bb, indique une internaute.<\/p>\n<p>\u00ab\u00a0Quand elle sortait avec Channing Tatum, elle avait l&rsquo;air moins maigre et plus heureuse. Je dis \u00e7a parce que je m&rsquo;inqui\u00e8te\u00a0\u00bb, souligne une autre, malgr\u00e9 les remontrances des internautes qui lui rappellent que personne ne devrait se permettre de commenter l&rsquo;apparence physique d&rsquo;autrui.<\/p>\n","protected":false},"excerpt":{"rendered":"Zo\u00eb Kravitz a toujours \u00e9t\u00e9 relativement menue. La jeune actrice et r\u00e9alisatrice, \u00e2g\u00e9e de 36 ans, s&rsquo;est illustr\u00e9e&hellip;\n","protected":false},"author":2,"featured_media":263210,"comment_status":"","ping_status":"","sticky":false,"template":"","format":"standard","meta":{"footnotes":""},"categories":[1359],"tags":[12488,58,59,1011,27,21045,973,28249,13559,40271],"class_list":{"0":"post-263209","1":"post","2":"type-post","3":"status-publish","4":"format-standard","5":"has-post-thumbnail","7":"category-people","8":"tag-channing-tatum","9":"tag-divertissement","10":"tag-entertainment","11":"tag-fr","12":"tag-france","13":"tag-la-fashion-week","14":"tag-people","15":"tag-perte-de-poids","16":"tag-rupture","17":"tag-zoe-kravitz"},"share_on_mastodon":{"url":"https:\/\/pubeurope.com\/@fr\/114891014976102422","error":""},"_links":{"self":[{"href":"https:\/\/www.europesays.com\/fr\/wp-json\/wp\/v2\/posts\/263209","targetHints":{"allow":["GET"]}}],"collection":[{"href":"https:\/\/www.europesays.com\/fr\/wp-json\/wp\/v2\/posts"}],"about":[{"href":"https:\/\/www.europesays.com\/fr\/wp-json\/wp\/v2\/types\/post"}],"author":[{"embeddable":true,"href":"https:\/\/www.europesays.com\/fr\/wp-json\/wp\/v2\/users\/2"}],"replies":[{"embeddable":true,"href":"https:\/\/www.europesays.com\/fr\/wp-json\/wp\/v2\/comments?post=263209"}],"version-history":[{"count":0,"href":"https:\/\/www.europesays.com\/fr\/wp-json\/wp\/v2\/posts\/263209\/revisions"}],"wp:featuredmedia":[{"embeddable":true,"href":"https:\/\/www.europesays.com\/fr\/wp-json\/wp\/v2\/media\/263210"}],"wp:attachment":[{"href":"https:\/\/www.europesays.com\/fr\/wp-json\/wp\/v2\/media?parent=263209"}],"wp:term":[{"taxonomy":"category","embeddable":true,"href":"https:\/\/www.europesays.com\/fr\/wp-json\/wp\/v2\/categories?post=263209"},{"taxonomy":"post_tag","embeddable":true,"href":"https:\/\/www.europesays.com\/fr\/wp-json\/wp\/v2\/tags?post=263209"}],"curies":[{"name":"wp","href":"https:\/\/api.w.org\/{rel}","templated":true}]}}