{"id":263211,"date":"2025-07-21T11:35:14","date_gmt":"2025-07-21T11:35:14","guid":{"rendered":"https:\/\/www.europesays.com\/fr\/263211\/"},"modified":"2025-07-21T11:35:14","modified_gmt":"2025-07-21T11:35:14","slug":"la-sculpture-disparue-a-bridore-netait-en-fait-pas-volee","status":"publish","type":"post","link":"https:\/\/www.europesays.com\/fr\/263211\/","title":{"rendered":"la sculpture disparue \u00e0 Bridor\u00e9 n\u2019\u00e9tait en fait pas vol\u00e9e"},"content":{"rendered":"<p>Rebondissement ce lundi 21\u00a0juillet 2025, \u00e0 Bridor\u00e9. <a target=\"_self\" href=\"https:\/\/www.lanouvellerepublique.fr\/indre-et-loire\/commune\/bridore\/pres-de-loches-une-sculpture-en-metal-derobee-au-bord-de-l-etang-de-bridore-1753015014\" rel=\"nofollow noopener\">La sculpture en m\u00e9tal en forme de grenouille, install\u00e9e \u00e0 c\u00f4t\u00e9 de l\u2019\u00e9tang, a refait surface<\/a>. Celle-ci n\u2019\u00e9tait pas vol\u00e9e, mais mise \u00e0 l\u2019abri par l\u2019employ\u00e9 communal dans son atelier.<\/p>\n<p>Une plainte avait m\u00eame \u00e9t\u00e9 d\u00e9pos\u00e9e par la mairie \u00e0 la gendarmerie, samedi 19\u00a0juillet. \u00ab\u00a0Elle n\u2019a pas disparu finalement\u00a0\u00bb, rassure Pascale Morel, la maire, qui n\u2019avait pas \u00e9t\u00e9 avis\u00e9e.<\/p>\n<p>Un accident<\/p>\n<p>Quelques jours plus t\u00f4t, celle-ci \u00e9tait tomb\u00e9e de son socle avant de finir dans l\u2019eau de l\u2019\u00e9tang municipal. \u00ab\u00a0Ce sont des enfants qui l\u2019auraient fait chuter en s\u2019accrochant\u00a0\u00bb, indique l\u2019\u00e9dile. Le pied n\u2019a pas \u00e9t\u00e9 d\u00e9coup\u00e9 mais a c\u00e9d\u00e9 sous le poids. \u00ab\u00a0Heureusement qu\u2019ils ne sont pas tomb\u00e9s dans l\u2019eau ou sous la sculpture\u00a0\u00bb, confie-t-elle.<\/p>\n<p>\u00c0 l\u2019abri pour l\u2019instant, sa remise en place n\u2019est pas pr\u00e9vue tout de suite. Elle n\u00e9cessitera une soudure, suffisamment solide pour supporter son poids. Cr\u00e9\u00e9e par <a target=\"_self\" href=\"https:\/\/www.lanouvellerepublique.fr\/loches\/loches-apres-le-vol-de-leur-coq-en-metal-fanffan-et-grom-creent-une-nouvelle-sculpture\" rel=\"nofollow noopener\">les artistes lochois Grom et Fanffan<\/a>, elle avait \u00e9t\u00e9 install\u00e9e en bordure du plan d\u2019eau pendant l\u2019\u00e9t\u00e9 2023.<\/p>\n","protected":false},"excerpt":{"rendered":"Rebondissement ce lundi 21\u00a0juillet 2025, \u00e0 Bridor\u00e9. La sculpture en m\u00e9tal en forme de grenouille, install\u00e9e \u00e0 c\u00f4t\u00e9&hellip;\n","protected":false},"author":2,"featured_media":263212,"comment_status":"","ping_status":"","sticky":false,"template":"","format":"standard","meta":{"footnotes":""},"categories":[1358],"tags":[1392,1348,1384,1385,40115,1386,58,59,274,1011,27,1387],"class_list":{"0":"post-263211","1":"post","2":"type-post","3":"status-publish","4":"format-standard","5":"has-post-thumbnail","7":"category-arts-et-design","8":"tag-a-la-une-local","9":"tag-arts","10":"tag-arts-and-design","11":"tag-arts-et-design","12":"tag-bridore","13":"tag-design","14":"tag-divertissement","15":"tag-entertainment","16":"tag-faits-divers-justice","17":"tag-fr","18":"tag-france","19":"tag-indre-et-loire"},"share_on_mastodon":{"url":"https:\/\/pubeurope.com\/@fr\/114891018965464540","error":""},"_links":{"self":[{"href":"https:\/\/www.europesays.com\/fr\/wp-json\/wp\/v2\/posts\/263211","targetHints":{"allow":["GET"]}}],"collection":[{"href":"https:\/\/www.europesays.com\/fr\/wp-json\/wp\/v2\/posts"}],"about":[{"href":"https:\/\/www.europesays.com\/fr\/wp-json\/wp\/v2\/types\/post"}],"author":[{"embeddable":true,"href":"https:\/\/www.europesays.com\/fr\/wp-json\/wp\/v2\/users\/2"}],"replies":[{"embeddable":true,"href":"https:\/\/www.europesays.com\/fr\/wp-json\/wp\/v2\/comments?post=263211"}],"version-history":[{"count":0,"href":"https:\/\/www.europesays.com\/fr\/wp-json\/wp\/v2\/posts\/263211\/revisions"}],"wp:featuredmedia":[{"embeddable":true,"href":"https:\/\/www.europesays.com\/fr\/wp-json\/wp\/v2\/media\/263212"}],"wp:attachment":[{"href":"https:\/\/www.europesays.com\/fr\/wp-json\/wp\/v2\/media?parent=263211"}],"wp:term":[{"taxonomy":"category","embeddable":true,"href":"https:\/\/www.europesays.com\/fr\/wp-json\/wp\/v2\/categories?post=263211"},{"taxonomy":"post_tag","embeddable":true,"href":"https:\/\/www.europesays.com\/fr\/wp-json\/wp\/v2\/tags?post=263211"}],"curies":[{"name":"wp","href":"https:\/\/api.w.org\/{rel}","templated":true}]}}