{"id":263213,"date":"2025-07-21T11:36:14","date_gmt":"2025-07-21T11:36:14","guid":{"rendered":"https:\/\/www.europesays.com\/fr\/263213\/"},"modified":"2025-07-21T11:36:14","modified_gmt":"2025-07-21T11:36:14","slug":"bourse-aux-livres-du-jargon-libre-2","status":"publish","type":"post","link":"https:\/\/www.europesays.com\/fr\/263213\/","title":{"rendered":"Bourse aux livres du Jargon Libre"},"content":{"rendered":"<p>\t\t<img loading=\"lazy\" decoding=\"async\" src=\"https:\/\/www.europesays.com\/fr\/wp-content\/uploads\/2025\/07\/herisson_heylliet.jpg\" width=\"700\" height=\"393\" alt=\"\"\/><\/p>\n<p><strong>Le Jargon a commenc\u00e9 \u00e0 trier et l\u00e9guer ses archives (livres, journaux, brochures, etc) \u00e0 d\u2019autres biblioth\u00e8ques ou fonds d\u2019archives de camarades en France et ailleurs&#8230; <a href=\"https:\/\/menil.info\/Le-Jargon-Libre-ferme-ses-portes\" class=\"spip_out\" rel=\"external nofollow noopener\" target=\"_blank\">Il reste plein de livres \u00e0 chiner sur place<\/a>&#8230;<\/strong><\/p>\n<p><strong>Samedi 26 et dimanche 27 juillet de 14h \u00e0 18h\u00a0!<\/strong><\/p>\n<p>Venez chiner toutes sortes de livres de la bouquinerie du jargon\u00a0! bandes dessin\u00e9es, romans, histoire, politique, et plus encore\u00a0!<\/p>\n<p><strong>Le Jargon Libre<\/strong><br class=\"autobr\"\/><br \/>\n32 rue Henri Chevreau, 75020 Paris<\/p>\n<p><a href=\"https:\/\/paris-luttes.info\/bourse-aux-livres-du-jargon-libre-19752\" class=\"spip_out\" rel=\"external nofollow noopener\" target=\"_blank\">Source paris-luttes.info<\/a><\/p>\n<p><\/p>\n","protected":false},"excerpt":{"rendered":"Le Jargon a commenc\u00e9 \u00e0 trier et l\u00e9guer ses archives (livres, journaux, brochures, etc) \u00e0 d\u2019autres biblioth\u00e8ques ou&hellip;\n","protected":false},"author":2,"featured_media":263214,"comment_status":"","ping_status":"","sticky":false,"template":"","format":"standard","meta":{"footnotes":""},"categories":[1357],"tags":[1379,58,59,1011,27,1380],"class_list":{"0":"post-263213","1":"post","2":"type-post","3":"status-publish","4":"format-standard","5":"has-post-thumbnail","7":"category-livres","8":"tag-books","9":"tag-divertissement","10":"tag-entertainment","11":"tag-fr","12":"tag-france","13":"tag-livres"},"share_on_mastodon":{"url":"https:\/\/pubeurope.com\/@fr\/114891022941199148","error":""},"_links":{"self":[{"href":"https:\/\/www.europesays.com\/fr\/wp-json\/wp\/v2\/posts\/263213","targetHints":{"allow":["GET"]}}],"collection":[{"href":"https:\/\/www.europesays.com\/fr\/wp-json\/wp\/v2\/posts"}],"about":[{"href":"https:\/\/www.europesays.com\/fr\/wp-json\/wp\/v2\/types\/post"}],"author":[{"embeddable":true,"href":"https:\/\/www.europesays.com\/fr\/wp-json\/wp\/v2\/users\/2"}],"replies":[{"embeddable":true,"href":"https:\/\/www.europesays.com\/fr\/wp-json\/wp\/v2\/comments?post=263213"}],"version-history":[{"count":0,"href":"https:\/\/www.europesays.com\/fr\/wp-json\/wp\/v2\/posts\/263213\/revisions"}],"wp:featuredmedia":[{"embeddable":true,"href":"https:\/\/www.europesays.com\/fr\/wp-json\/wp\/v2\/media\/263214"}],"wp:attachment":[{"href":"https:\/\/www.europesays.com\/fr\/wp-json\/wp\/v2\/media?parent=263213"}],"wp:term":[{"taxonomy":"category","embeddable":true,"href":"https:\/\/www.europesays.com\/fr\/wp-json\/wp\/v2\/categories?post=263213"},{"taxonomy":"post_tag","embeddable":true,"href":"https:\/\/www.europesays.com\/fr\/wp-json\/wp\/v2\/tags?post=263213"}],"curies":[{"name":"wp","href":"https:\/\/api.w.org\/{rel}","templated":true}]}}