{"id":263215,"date":"2025-07-21T11:37:14","date_gmt":"2025-07-21T11:37:14","guid":{"rendered":"https:\/\/www.europesays.com\/fr\/263215\/"},"modified":"2025-07-21T11:37:14","modified_gmt":"2025-07-21T11:37:14","slug":"ramon-fernandez-directeur-financier-de-cma-cgm-nomme-president-de-rmc-bfm-actualites","status":"publish","type":"post","link":"https:\/\/www.europesays.com\/fr\/263215\/","title":{"rendered":"Ramon Fernandez, directeur financier de CMA CGM, nomm\u00e9 pr\u00e9sident de RMC BFM : Actualit\u00e9s"},"content":{"rendered":"<p class=\"lead \">Le directeur financier de CMA CGM, Ramon Fernandez, a pris la pr\u00e9sidence de RMC BFM le 16 juillet en remplacement de Nicolas de Tavernost, parti diriger LFP Media, a annonc\u00e9 lundi le groupe audiovisuel rachet\u00e9 mi-2024 par l&rsquo;homme d&rsquo;affaires Rodolphe Saad\u00e9.<\/p>\n<p class=\"lead \">Ramon Fernandez, 58 ans, va \u00ab\u00a0guider et accompagner la strat\u00e9gie de d\u00e9veloppement de RMC BFM, pilot\u00e9e par (le directeur g\u00e9n\u00e9ral, ndlr) R\u00e9gis Ravanas et ses \u00e9quipes\u00a0\u00bb, Nicolas de Tavernost ayant \u00ab\u00a0d\u00e9cid\u00e9 de se concentrer sur le projet Ligue 1+\u00a0\u00bb, la cha\u00eene de la Ligue de football professionnel (LFP), pr\u00e9cise RMC BFM dans un communiqu\u00e9.<\/p>\n<p class=\"lead \">Outre la direction g\u00e9n\u00e9rale du Tr\u00e9sor de 2009 \u00e0 2014, ce haut fonctionnaire qui a d\u00e9but\u00e9 sa carri\u00e8re au FMI \u00e0 Washington a occup\u00e9 les fonctions de directeur g\u00e9n\u00e9ral d\u00e9l\u00e9gu\u00e9 du groupe Orange, \u00ab\u00a0soci\u00e9t\u00e9 productrice de contenus\u00a0\u00bb, et si\u00e9g\u00e9 \u00ab\u00a0au sein de plusieurs conseils d&rsquo;administration de grands groupes\u00a0\u00bb, rappelle RMC BFM.<\/p>\n<p class=\"lead \">Nomm\u00e9 en avril directeur g\u00e9n\u00e9ral de LFP Media, la soci\u00e9t\u00e9 commerciale de la LFP, Nicolas de Tavernost \u00ab\u00a0a assur\u00e9 la direction ad int\u00e9rim de RMC BFM jusqu&rsquo;\u00e0 l&rsquo;arriv\u00e9e de R\u00e9gis Ravanas\u00a0\u00bb comme directeur g\u00e9n\u00e9ral, est-il ajout\u00e9.<\/p>\n<p class=\"lead \">Il avait rejoint le groupe CMA CGM de Rodolphe Saad\u00e9 comme vice-pr\u00e9sident de sa holding CMA M\u00e9dia en mai 2024, apr\u00e8s 37 ans \u00e0 la barre du groupe M6.<\/p>\n<p class=\"lead \">Nicolas de Tavernost \u00ab\u00a0a pu apporter sa vision strat\u00e9gique et op\u00e9rationnelle au d\u00e9veloppement de CMA Media, 3\u00e8me groupe de m\u00e9dia priv\u00e9 en France\u00a0\u00bb, souligne le communiqu\u00e9.<\/p>\n<p class=\"lead \">RMC BFM, qui comprend notamment la radio RMC et la cha\u00eene BFMTV, a fait face \u00e0 de nombreuses d\u00e9fections depuis son rachat. Le groupe a enregistr\u00e9 une centaine de d\u00e9parts de journalistes dans le cadre d&rsquo;une clause de cession, un dispositif permettant aux journalistes d&rsquo;un m\u00e9dia qui change de propri\u00e9taire de le quitter avec des indemnit\u00e9s.<\/p>\n<p class=\"lead \">BFMTV est en outre confront\u00e9e \u00e0 la concurrence de CNews, devenue premi\u00e8re des cha\u00eenes d&rsquo;info en continue en part d&rsquo;audience. <\/p>\n<p class=\"lead \">Les responsables de la cha\u00eene ont soulign\u00e9 jeudi son \u00ab\u00a0extr\u00eame r\u00e9silience\u00a0\u00bb, avant une rentr\u00e9e marqu\u00e9e par une volont\u00e9 de monter en gamme.<\/p>\n<p class=\"lead \">Le groupe CMA CGM est par ailleurs entr\u00e9 en \u00ab\u00a0n\u00e9gociation exclusive\u00a0\u00bb en vue de l&rsquo;acquisition du m\u00e9dia vid\u00e9o en ligne Brut, dont il est d\u00e9j\u00e0 actionnaire.<\/p>\n<p class=\"small font-weight-bold text-gray3 \"> publi\u00e9 le 21 juillet \u00e0 12h25, AFP<\/p>\n<p>                             Partager<\/p>\n","protected":false},"excerpt":{"rendered":"Le directeur financier de CMA CGM, Ramon Fernandez, a pris la pr\u00e9sidence de RMC BFM le 16 juillet&hellip;\n","protected":false},"author":2,"featured_media":263216,"comment_status":"","ping_status":"","sticky":false,"template":"","format":"standard","meta":{"footnotes":""},"categories":[1356],"tags":[13789,58,59,313,1011,27,9555,1825,9556,252,1364],"class_list":{"0":"post-263215","1":"post","2":"type-post","3":"status-publish","4":"format-standard","5":"has-post-thumbnail","7":"category-television","8":"tag-dirigeants","9":"tag-divertissement","10":"tag-entertainment","11":"tag-entreprises","12":"tag-fr","13":"tag-france","14":"tag-mdias","15":"tag-radio","16":"tag-tlvision","17":"tag-television","18":"tag-tv"},"share_on_mastodon":{"url":"https:\/\/pubeurope.com\/@fr\/114891026814230690","error":""},"_links":{"self":[{"href":"https:\/\/www.europesays.com\/fr\/wp-json\/wp\/v2\/posts\/263215","targetHints":{"allow":["GET"]}}],"collection":[{"href":"https:\/\/www.europesays.com\/fr\/wp-json\/wp\/v2\/posts"}],"about":[{"href":"https:\/\/www.europesays.com\/fr\/wp-json\/wp\/v2\/types\/post"}],"author":[{"embeddable":true,"href":"https:\/\/www.europesays.com\/fr\/wp-json\/wp\/v2\/users\/2"}],"replies":[{"embeddable":true,"href":"https:\/\/www.europesays.com\/fr\/wp-json\/wp\/v2\/comments?post=263215"}],"version-history":[{"count":0,"href":"https:\/\/www.europesays.com\/fr\/wp-json\/wp\/v2\/posts\/263215\/revisions"}],"wp:featuredmedia":[{"embeddable":true,"href":"https:\/\/www.europesays.com\/fr\/wp-json\/wp\/v2\/media\/263216"}],"wp:attachment":[{"href":"https:\/\/www.europesays.com\/fr\/wp-json\/wp\/v2\/media?parent=263215"}],"wp:term":[{"taxonomy":"category","embeddable":true,"href":"https:\/\/www.europesays.com\/fr\/wp-json\/wp\/v2\/categories?post=263215"},{"taxonomy":"post_tag","embeddable":true,"href":"https:\/\/www.europesays.com\/fr\/wp-json\/wp\/v2\/tags?post=263215"}],"curies":[{"name":"wp","href":"https:\/\/api.w.org\/{rel}","templated":true}]}}