{"id":263305,"date":"2025-07-21T12:27:12","date_gmt":"2025-07-21T12:27:12","guid":{"rendered":"https:\/\/www.europesays.com\/fr\/263305\/"},"modified":"2025-07-21T12:27:12","modified_gmt":"2025-07-21T12:27:12","slug":"les-etats-unis-ne-precipitent-pas-les-accords-commerciaux-avant-la-date-limite-daout-et-prevoient-des-discussions-avec-la-chine-declare-bessent","status":"publish","type":"post","link":"https:\/\/www.europesays.com\/fr\/263305\/","title":{"rendered":"Les \u00c9tats-Unis ne pr\u00e9cipitent pas les accords commerciaux avant la date limite d&rsquo;ao\u00fbt et pr\u00e9voient des discussions avec la Chine, d\u00e9clare Bessent"},"content":{"rendered":"<p>L&rsquo;administration Trump accorde davantage d&rsquo;importance \u00e0 la qualit\u00e9 des accords commerciaux qu&rsquo;\u00e0 leur calendrier, a d\u00e9clar\u00e9 lundi le Secr\u00e9taire au Tr\u00e9sor am\u00e9ricain, Scott Bessent, alors que la date butoir du 1er ao\u00fbt approche pour conclure un accord commercial sous peine de lourdes taxes douani\u00e8res.<\/p>\n<p>\u00ab\u00a0Nous n&rsquo;allons pas nous pr\u00e9cipiter simplement pour conclure des accords\u00a0\u00bb, a affirm\u00e9 Bessent lors d&rsquo;un entretien accord\u00e9 \u00e0 CNBC.<\/p>\n<p>Interrog\u00e9 sur la possibilit\u00e9 de prolonger la date limite pour les pays engag\u00e9s dans des discussions constructives avec Washington, Bessent a indiqu\u00e9 que la d\u00e9cision reviendrait au pr\u00e9sident am\u00e9ricain Donald Trump.<\/p>\n<p>\u00ab\u00a0Nous verrons ce que le pr\u00e9sident souhaite faire. Mais encore une fois, si nous revenons, d&rsquo;une mani\u00e8re ou d&rsquo;une autre, aux droits de douane du 1er ao\u00fbt, je pense qu&rsquo;un niveau de droits de douane plus \u00e9lev\u00e9 exercera une pression suppl\u00e9mentaire sur ces pays pour qu&rsquo;ils proposent de meilleurs accords\u00a0\u00bb, a-t-il expliqu\u00e9.<\/p>\n<p>\u00c0 propos de la Chine, Bessent a indiqu\u00e9 que des \u00ab\u00a0discussions auront lieu dans un avenir tr\u00e8s proche\u00a0\u00bb.<\/p>\n<p>\u00ab\u00a0Je pense que la situation commerciale est bonne et qu&rsquo;il est maintenant possible d&rsquo;aborder d&rsquo;autres sujets. Malheureusement, les Chinois sont de gros acheteurs de p\u00e9trole iranien et russe sous sanctions\u00a0\u00bb, a-t-il pr\u00e9cis\u00e9.<\/p>\n<p>\u00ab\u00a0Nous pourrions \u00e9galement aborder le sujet tabou, \u00e0 savoir ce grand r\u00e9\u00e9quilibrage que la Chine doit op\u00e9rer\u00a0\u00bb.<\/p>\n<p>Bessent a d\u00e9clar\u00e9 \u00e0 CNBC qu&rsquo;il encouragerait l&rsquo;Europe \u00e0 suivre les \u00c9tats-Unis si ces derniers mettaient en place des sanctions secondaires contre la Russie.<\/p>\n<p>Concernant le Japon, Bessent a estim\u00e9 que l&rsquo;administration \u00e9tait moins pr\u00e9occup\u00e9e par la politique int\u00e9rieure du pays que par l&rsquo;obtention du meilleur accord possible pour les Am\u00e9ricains.<\/p>\n<p>(Reportage de Susan Heavey et Andrea Shalal, \u00e9dit\u00e9 par Bernadette Baum)<\/p>\n<p><\/p>\n","protected":false},"excerpt":{"rendered":"L&rsquo;administration Trump accorde davantage d&rsquo;importance \u00e0 la qualit\u00e9 des accords commerciaux qu&rsquo;\u00e0 leur calendrier, a d\u00e9clar\u00e9 lundi le&hellip;\n","protected":false},"author":2,"featured_media":263306,"comment_status":"","ping_status":"","sticky":false,"template":"","format":"standard","meta":{"footnotes":""},"categories":[1589],"tags":[11,340,73,1866,12,1864,1865,1863,308],"class_list":{"0":"post-263305","1":"post","2":"type-post","3":"status-publish","4":"format-standard","5":"has-post-thumbnail","7":"category-etats-unis","8":"tag-actualites","9":"tag-bourse","10":"tag-etats-unis","11":"tag-etats-unis-damerique","12":"tag-news","13":"tag-united-states","14":"tag-united-states-of-america","15":"tag-us","16":"tag-usa"},"share_on_mastodon":{"url":"https:\/\/pubeurope.com\/@fr\/114891223425896834","error":""},"_links":{"self":[{"href":"https:\/\/www.europesays.com\/fr\/wp-json\/wp\/v2\/posts\/263305","targetHints":{"allow":["GET"]}}],"collection":[{"href":"https:\/\/www.europesays.com\/fr\/wp-json\/wp\/v2\/posts"}],"about":[{"href":"https:\/\/www.europesays.com\/fr\/wp-json\/wp\/v2\/types\/post"}],"author":[{"embeddable":true,"href":"https:\/\/www.europesays.com\/fr\/wp-json\/wp\/v2\/users\/2"}],"replies":[{"embeddable":true,"href":"https:\/\/www.europesays.com\/fr\/wp-json\/wp\/v2\/comments?post=263305"}],"version-history":[{"count":0,"href":"https:\/\/www.europesays.com\/fr\/wp-json\/wp\/v2\/posts\/263305\/revisions"}],"wp:featuredmedia":[{"embeddable":true,"href":"https:\/\/www.europesays.com\/fr\/wp-json\/wp\/v2\/media\/263306"}],"wp:attachment":[{"href":"https:\/\/www.europesays.com\/fr\/wp-json\/wp\/v2\/media?parent=263305"}],"wp:term":[{"taxonomy":"category","embeddable":true,"href":"https:\/\/www.europesays.com\/fr\/wp-json\/wp\/v2\/categories?post=263305"},{"taxonomy":"post_tag","embeddable":true,"href":"https:\/\/www.europesays.com\/fr\/wp-json\/wp\/v2\/tags?post=263305"}],"curies":[{"name":"wp","href":"https:\/\/api.w.org\/{rel}","templated":true}]}}