{"id":263309,"date":"2025-07-21T12:29:10","date_gmt":"2025-07-21T12:29:10","guid":{"rendered":"https:\/\/www.europesays.com\/fr\/263309\/"},"modified":"2025-07-21T12:29:10","modified_gmt":"2025-07-21T12:29:10","slug":"erdogan-affirme-que-lallemagne-et-le-royaume-uni-sont-favorables-a-la-vente-deurofighter-a-la-turquie","status":"publish","type":"post","link":"https:\/\/www.europesays.com\/fr\/263309\/","title":{"rendered":"Erdogan affirme que l&rsquo;Allemagne et le Royaume-Uni sont favorables \u00e0 la vente d&rsquo;Eurofighter \u00e0 la Turquie"},"content":{"rendered":"<p>Le pr\u00e9sident turc, Recep Tayyip Erdogan, a d\u00e9clar\u00e9 que l&rsquo;Allemagne et le Royaume-Uni adoptaient une attitude positive concernant la vente de chasseurs Eurofighter \u00e0 la Turquie, ajoutant qu&rsquo;Ankara souhaite finaliser cet achat dans les plus brefs d\u00e9lais.<\/p>\n<p>La Turquie est en discussion pour acqu\u00e9rir des avions de chasse Eurofighter Typhoon, construits par un consortium regroupant l&rsquo;Allemagne, le Royaume-Uni, l&rsquo;Italie et l&rsquo;Espagne, repr\u00e9sent\u00e9 par les entreprises Airbus, BAE Systems et Leonardo.<\/p>\n<p>\u00ab\u00a0Les Britanniques et les Allemands abordent ce dossier de mani\u00e8re positive. Si Dieu le veut, je pense que nous recevrons nos avions de chasse au plus vite\u00a0\u00bb, a d\u00e9clar\u00e9 Erdogan \u00e0 des journalistes lors d&rsquo;un vol en provenance du nord de Chypre.<\/p>\n<p>\u00ab\u00a0Lors de mes entretiens avec le Premier ministre britannique Keir Starmer et le chancelier allemand Friedrich Merz, j&rsquo;ai constat\u00e9 qu&rsquo;ils abordaient \u00e9galement la question de fa\u00e7on positive et, esp\u00e9rons-le, nous franchirons bient\u00f4t cette \u00e9tape\u00a0\u00bb, a-t-il ajout\u00e9, selon la transcription de ses propos publi\u00e9e lundi.<\/p>\n","protected":false},"excerpt":{"rendered":"Le pr\u00e9sident turc, Recep Tayyip Erdogan, a d\u00e9clar\u00e9 que l&rsquo;Allemagne et le Royaume-Uni adoptaient une attitude positive concernant&hellip;\n","protected":false},"author":2,"featured_media":263310,"comment_status":"","ping_status":"","sticky":false,"template":"","format":"standard","meta":{"footnotes":""},"categories":[1587],"tags":[11,672,340,1804,1805,1803,1777,674,1801,12,1802],"class_list":{"0":"post-263309","1":"post","2":"type-post","3":"status-publish","4":"format-standard","5":"has-post-thumbnail","7":"category-allemagne","8":"tag-actualites","9":"tag-allemagne","10":"tag-bourse","11":"tag-bundesrepublik-deutschland","12":"tag-de","13":"tag-deutschland","14":"tag-eu","15":"tag-europe","16":"tag-germany","17":"tag-news","18":"tag-republique-federale-dallemagne"},"share_on_mastodon":{"url":"https:\/\/pubeurope.com\/@fr\/114891231516700886","error":""},"_links":{"self":[{"href":"https:\/\/www.europesays.com\/fr\/wp-json\/wp\/v2\/posts\/263309","targetHints":{"allow":["GET"]}}],"collection":[{"href":"https:\/\/www.europesays.com\/fr\/wp-json\/wp\/v2\/posts"}],"about":[{"href":"https:\/\/www.europesays.com\/fr\/wp-json\/wp\/v2\/types\/post"}],"author":[{"embeddable":true,"href":"https:\/\/www.europesays.com\/fr\/wp-json\/wp\/v2\/users\/2"}],"replies":[{"embeddable":true,"href":"https:\/\/www.europesays.com\/fr\/wp-json\/wp\/v2\/comments?post=263309"}],"version-history":[{"count":0,"href":"https:\/\/www.europesays.com\/fr\/wp-json\/wp\/v2\/posts\/263309\/revisions"}],"wp:featuredmedia":[{"embeddable":true,"href":"https:\/\/www.europesays.com\/fr\/wp-json\/wp\/v2\/media\/263310"}],"wp:attachment":[{"href":"https:\/\/www.europesays.com\/fr\/wp-json\/wp\/v2\/media?parent=263309"}],"wp:term":[{"taxonomy":"category","embeddable":true,"href":"https:\/\/www.europesays.com\/fr\/wp-json\/wp\/v2\/categories?post=263309"},{"taxonomy":"post_tag","embeddable":true,"href":"https:\/\/www.europesays.com\/fr\/wp-json\/wp\/v2\/tags?post=263309"}],"curies":[{"name":"wp","href":"https:\/\/api.w.org\/{rel}","templated":true}]}}