{"id":263311,"date":"2025-07-21T12:30:24","date_gmt":"2025-07-21T12:30:24","guid":{"rendered":"https:\/\/www.europesays.com\/fr\/263311\/"},"modified":"2025-07-21T12:30:24","modified_gmt":"2025-07-21T12:30:24","slug":"les-rates-du-deploiement-de-la-5g-en-europe-mis-en-lumiere-dans-une-nouvelle-etude","status":"publish","type":"post","link":"https:\/\/www.europesays.com\/fr\/263311\/","title":{"rendered":"les rat\u00e9s du d\u00e9ploiement de la 5G en Europe mis en lumi\u00e8re dans une nouvelle \u00e9tude"},"content":{"rendered":"<p>\u00c0 mi-chemin du cycle technologique de la 5G, le cabinet Ookla publie un rapport sur le d\u00e9ploiement de la 5G sur le continent europ\u00e9en. Si le Vieux Continent compte de bons \u00e9l\u00e8ves, le cabinet alerte surtout sur de nombreuses disparit\u00e9s qui freinent l\u2019expansion de la derni\u00e8re norme de r\u00e9seau mobile en Europe.<\/p>\n<p><a target=\"_blank\" href=\"https:\/\/images.frandroid.com\/wp-content\/uploads\/2025\/07\/5g-europe.jpg\" class=\"article-content__figure\" rel=\"noopener\"><img fetchpriority=\"high\" decoding=\"async\" loading=\"eager\" width=\"1200\" height=\"676\" src=\"https:\/\/www.europesays.com\/fr\/wp-content\/uploads\/2025\/07\/5g-europe.jpg\" alt=\"\" class=\"wp-image-2739393 wp-image wp-image\"  \/><\/a>\u00a9 Claire Braikeh\/Montage pour Numerama<\/p>\n<p>2025, nous sommes \u00e0 mi-chemin <a href=\"https:\/\/www.frandroid.com\/telecom\/488716_reseau-5g-tout-ce-qui-va-changer-quels-usages-et-pourquoi-la-technologie-est-importante\" data-type=\"link\" data-id=\"https:\/\/www.frandroid.com\/telecom\/488716_reseau-5g-tout-ce-qui-va-changer-quels-usages-et-pourquoi-la-technologie-est-importante\" target=\"_blank\" rel=\"noopener\">entre le lancement de la 5G<\/a> et celui de la 6G, et alors que les \u00c9tats-Unis et la Chine ont plusieurs trains d\u2019avance en la mati\u00e8re, l\u2019Europe fait face \u00e0 une fracture interne sur le d\u00e9ploiement de la 5G selon <a href=\"https:\/\/www.ookla.com\/articles\/europe-5g-q2-2025\" data-type=\"link\" data-id=\"https:\/\/www.ookla.com\/articles\/europe-5g-q2-2025\" target=\"_blank\" rel=\"noreferrer noopener\">un r\u00e9cent rapport du cabinet Ookla<\/a>.<\/p>\n<p>Entre une adoption tardive <a href=\"https:\/\/www.frandroid.com\/telecom\/2712859_quelles-sont-les-meilleurs-forfaits-5g-5g-sa-chez-free-orange-et-bouygues-telecom\" data-type=\"link\" data-id=\"https:\/\/www.frandroid.com\/telecom\/2712859_quelles-sont-les-meilleurs-forfaits-5g-5g-sa-chez-free-orange-et-bouygues-telecom\" target=\"_blank\" rel=\"noopener\">de la 5G SA (ou 5G+)<\/a>, un d\u00e9ploiement \u00e0 deux vitesses d\u2019un pays \u00e0 l\u2019autre et l\u2019absence d\u2019harmonisation dans l\u2019attribution des fr\u00e9quences, le cabinet Ookla nous livre ses conclusions sur les facteurs d\u00e9terminants de la r\u00e9ussite, et surtout du retard de l\u2019Europe en mati\u00e8re de 5G.<\/p>\n<p>Appels illimit\u00e9s<\/p>\n<p>200 Go en France<\/p>\n<p>30 Go en Europe<\/p>\n<p>Appels illimit\u00e9s<\/p>\n<p>200 Go \u2013 240 Go en France<\/p>\n<p>15 Go en Europe<\/p>\n<p>Appels illimit\u00e9s<\/p>\n<p>350 Go en France<\/p>\n<p>35 Go en Europe<\/p>\n<p>        <a href=\"https:\/\/www.frandroid.com\/comparateur-forfaits\/comparateur-forfaits-5g\" class=\"listplans-shortcode-cta button fr-button fr-button--pink fr-button--small-icon fr-button--icon-after mb-3-mobile \" target=\"_blank\" rel=\"noopener\"><br \/>\n            Tous les forfaits 5G<br \/>\n        <\/a><\/p>\n<p>Un d\u00e9ploiement asym\u00e9trique d\u2019un \u00c9tat \u00e0 l\u2019autre<\/p>\n<p>Ookla (que nous connaissons aussi pour son <a href=\"https:\/\/www.frandroid.com\/telecharger\/apps\/speedtest\" data-type=\"link\" data-id=\"https:\/\/www.frandroid.com\/telecharger\/apps\/speedtest\" target=\"_blank\" rel=\"noopener\">application Speedtest<\/a>) parle dans son rapport d\u2019une Europe \u00ab\u00a0\u00e0 deux vitesses\u00a0\u00bb avec d\u2019un c\u00f4t\u00e9 les pays du nord et du sud du continent qui sont leaders dans la mati\u00e8re tandis que ceux d\u2019Europe centrale et de l\u2019ouest affichent un retard significatif. Pour se rendre compte de ses disparit\u00e9s, le cabinet nous livre ci-dessous un classement des pays d\u2019Europe sur le d\u00e9ploiement de la 5G.<\/p>\n<p>Le Danemark, la Suisse et la Su\u00e8de occupent le peloton de t\u00eate tandis que la Belgique (<a href=\"https:\/\/www.frandroid.com\/telecom\/2614081_la-france-est-elle-le-pays-le-plus-fibre-deurope-voici-le-palmares-2025-des-champions-de-la-fibre-optique\" data-type=\"link\" data-id=\"https:\/\/www.frandroid.com\/telecom\/2614081_la-france-est-elle-le-pays-le-plus-fibre-deurope-voici-le-palmares-2025-des-champions-de-la-fibre-optique\" target=\"_blank\" rel=\"noopener\">\u00e9galement en retard sur la fibre optique<\/a>), la Hongrie et le Luxembourg cl\u00f4turent le classement.<\/p>\n<p><a target=\"_blank\" href=\"https:\/\/images.frandroid.com\/wp-content\/uploads\/2025\/07\/capture-decran-le-2025-07-21-a-104715.png\" class=\"article-content__figure\" rel=\"noopener\"><img loading=\"lazy\" decoding=\"async\" width=\"1200\" height=\"1205\" src=\"https:\/\/www.europesays.com\/fr\/wp-content\/uploads\/2025\/07\/capture-decran-le-2025-07-21-a-104715-1200x1205.png\" alt=\"\" class=\"wp-image-2739483 wp-image\"  \/><\/a>\u00a9 Ookla<\/p>\n<p>Les investissements peuvent expliquer ces disparit\u00e9s, tout comme le manque de volont\u00e9 politique ou la culture institutionnelle propre \u00e0 chaque pays. Par exemple, le faible d\u00e9ploiement en Belgique est d\u00fb \u00e0 son syst\u00e8me f\u00e9d\u00e9ral, les conflits entre Bruxelles et les r\u00e9gions ont notamment retard\u00e9 les ench\u00e8res sur les bandes de fr\u00e9quences. Selon Ookla, le Plat Pays a aujourd\u2019hui une couverture 5G moins importante que certains pays \u00e9mergents d\u2019Am\u00e9rique latine et d\u2019Asie du sud-est.<\/p>\n<p>                <img decoding=\"async\" width=\"1200\" height=\"446\" loading=\"lazy\" alt=\"Box Proton \u2013 Juillet 2025 (1)\" title=\"Box Proton \u2013 Juillet 2025 (1)\" class=\"is-radiusless placeholder-default wp-image\" src=\"https:\/\/www.europesays.com\/fr\/wp-content\/uploads\/2025\/07\/box-proton-juillet-2025-1-1200x446.jpg\" \/>            <\/p>\n<p>\n                    Un seul VPN. Des possibilit\u00e9s illimit\u00e9es.                <\/p>\n<p class=\"has-text-weight-medium is-size-6 is-line-height-normal\">\n                    Un streaming fluide o\u00f9 que vous soyez, une navigation ultra-rapide, un chiffrement avanc\u00e9 et un bloqueur de publicit\u00e9s et de logiciels malveillants. Le tout sur 10 appareils en m\u00eame temps.                <\/p>\n<p>\u00c0 l\u2019inverse, les pays aux politiques ambitieuses et aux investissements g\u00e9n\u00e9reux affichent de meilleurs r\u00e9sultats. Les pays scandinaves en sont un excellent exemple, d\u2019autant plus que leur topographie riche en reliefs et leur d\u00e9mographie faible jouent contre eux. Cela d\u00e9montre que la g\u00e9ographie compte moins que les complexit\u00e9s politiques et r\u00e9glementaires lorsqu\u2019il s\u2019agit de faire progresser la 5G.<\/p>\n<p>Une fracture num\u00e9rique intra-europ\u00e9enne<\/p>\n<p>L\u2019exemple des pays nordiques montre que les difficult\u00e9s g\u00e9ographiques et d\u00e9mographiques peuvent \u00eatre surmont\u00e9s, et que le d\u00e9ploiement de la 5G est surtout affaire de volont\u00e9 politique et non pas de lacune technologique. Chaque pays fait selon ses propre r\u00e9glementations, dates d\u2019attribution des spectres de fr\u00e9quences, subventions, obligations en mati\u00e8re de couverture, etc\u2026<\/p>\n<p>Selon Ookla, ces disparit\u00e9s dans le d\u00e9ploiement de la 5G sont dues \u00e0 l\u2019absence d\u2019une politique europ\u00e9enne sur la 5G impos\u00e9e aux \u00c9tats membres. L\u2019Union Europ\u00e9enne impose seulement l\u2019usage des bandes dites pionni\u00e8res de 700 MHz, de 3,5 GHz et de 26 GHz pour assurer une compatibilit\u00e9 technique \u00e0 travers tout le continent.<\/p>\n<p><a target=\"_blank\" href=\"https:\/\/images.frandroid.com\/wp-content\/uploads\/2025\/02\/bouyguestelecom-infographie5g-lame1-usages.jpg\" class=\"article-content__figure\" rel=\"noopener\"><img loading=\"lazy\" decoding=\"async\" width=\"1200\" height=\"786\" src=\"https:\/\/www.europesays.com\/fr\/wp-content\/uploads\/2025\/07\/bouyguestelecom-infographie5g-lame1-usages-1200x786.jpg\" alt=\"\" class=\"wp-image-2524725 wp-image\"  \/><\/a>\u00a9 Bouygues Telecom<\/p>\n<p>Le reste, comme les dates d\u2019attribution, n\u2019est que recommandation. Certains \u00c9tats ont pris \u00e9norm\u00e9ment de retard \u00e0 mettre en place leurs ench\u00e8res de positionnement sur les bandes pionni\u00e8res. Par exemple, la Pologne a attribu\u00e9 cette ann\u00e9e seulement les fr\u00e9quences de la bande 700 MHz, neuf ans apr\u00e8s la Finlande.<\/p>\n<p>Au lieu d\u2019un v\u00e9ritable march\u00e9 unique de la 5G, l\u2019Europe subit une fracture num\u00e9rique qu\u2019une v\u00e9ritable harmonisation dans les attributions aurait pu combler. Pire encore, ces disparit\u00e9s pourraient s\u2019accentuer au moment du lancement de la 6G. Mais ceci n\u2019est pas une fatalit\u00e9, l\u2019Union Europ\u00e9enne peut combler ce foss\u00e9 en imposant une r\u00e9glementation europ\u00e9enne en la mati\u00e8re.<\/p>\n<p>L\u2019adoption tardive de la 5G SA<\/p>\n<p>Un dernier point sur lequel Ookla attire notre attention concerne la 5G SA (Standalone), surnomm\u00e9e la \u00ab\u00a0vraie 5G\u00a0\u00bb. Au lieu d\u2019une infrastructure partag\u00e9e entre \u00e9quipements 4G et 5G, la 5G SA s\u2019appuie sur une infrastructure 100 % 5G, du c\u0153ur de r\u00e9seau aux antennes, et est donc \u00e0 m\u00eame d\u2019exploiter tout le potentiel de cette norme r\u00e9seau.<\/p>\n<p>Toutefois, le cabinet a d\u00e9montr\u00e9 <a href=\"https:\/\/www.ookla.com\/articles\/europe-5gsa-2025\" data-type=\"link\" data-id=\"https:\/\/www.ookla.com\/articles\/europe-5gsa-2025\" target=\"_blank\" rel=\"noreferrer noopener\">dans une autre \u00e9tude<\/a> que l\u2019Union Europ\u00e9enne a pris beaucoup de retard sur la vraie 5G. En s\u2019appuyant sur un \u00e9chantillon de speedtests r\u00e9alis\u00e9s sur son application, Ookla affirme que la 5G SA y est mesur\u00e9e dans seulement 1,3 % des cas.<\/p>\n<p>Si l\u2019Espagne (8 %) et l\u2019Autriche (6,3 %) tirent le Vieux Continent vers le haut, l\u00e0 aussi gr\u00e2ce \u00e0 des politiques publiques volontaristes, ces r\u00e9sultats sont insignifiants par rapport aux \u00c9tats-Unis (23,77 % au dernier trimestre 2024), \u00e0 l\u2019Inde (51,83 %) et \u00e0 la Chine (79,97 %). Il y a l\u00e0 aussi un effort \u00e0 fournir, non pas pour le seul confort des particuliers, mais pour le d\u00e9veloppement num\u00e9rique du continent.<\/p>\n<p><a target=\"_blank\" href=\"https:\/\/images.frandroid.com\/wp-content\/uploads\/2025\/07\/capture-decran-le-2025-07-21-a-123917.png\" class=\"article-content__figure\" rel=\"noopener\"><img loading=\"lazy\" decoding=\"async\" width=\"1200\" height=\"980\" src=\"https:\/\/www.europesays.com\/fr\/wp-content\/uploads\/2025\/07\/capture-decran-le-2025-07-21-a-123917-1200x980.png\" alt=\"\" class=\"wp-image-2739837 wp-image\"  \/><\/a>\u00a9 Ookla<\/p>\n<p>La France est quant \u00e0 elle en-dessous de la moyenne europ\u00e9enne avec seulement 0,8 % des speedtests r\u00e9alis\u00e9s sur un r\u00e9seau 5G SA. La faute \u00e0 une offre pour le moment trop restreinte et parfois des conditions d\u2019acc\u00e8s contraignantes. Seuls trois op\u00e9rateurs mobiles proposent aujourd\u2019hui un forfait 5G SA : Free Mobile, Orange et Bouygues T\u00e9l\u00e9com. Ils n\u2019\u00e9taient que deux au moment de ces mesures\u2026<\/p>\n<p>Au-del\u00e0 de la couverture et <a href=\"https:\/\/www.frandroid.com\/telecom\/2641309_la-5g-debarque-sur-iphone-chez-trois-grands-operateurs-tout-ce-quil-faut-savoir\" data-type=\"link\" data-id=\"https:\/\/www.frandroid.com\/telecom\/2641309_la-5g-debarque-sur-iphone-chez-trois-grands-operateurs-tout-ce-quil-faut-savoir\" target=\"_blank\" rel=\"noopener\">des \u00e9quipements compatibles<\/a>, il y a \u00e9galement la question du prix. La 5G SA est par exemple disponible uniquement <a href=\"https:\/\/www.frandroid.com\/marques\/bouygues-telecom\/2657591_bouygues-lance-officiellement-sa-5g-et-la-facture-va-etre-salee\" data-type=\"link\" data-id=\"https:\/\/www.frandroid.com\/marques\/bouygues-telecom\/2657591_bouygues-lance-officiellement-sa-5g-et-la-facture-va-etre-salee\" target=\"_blank\" rel=\"noopener\">dans un forfait \u00e0 59,99 euros par mois<\/a> chez Bouygues T\u00e9l\u00e9com, mais on peut aussi en profiter pour 19,99 euros par mois <a href=\"https:\/\/www.frandroid.com\/telecom\/2341514_free-lance-la-5g-sa-ce-que-ca-change-et-ce-que-ca-ne-change-pas-pour-vous\" data-type=\"link\" data-id=\"https:\/\/www.frandroid.com\/telecom\/2341514_free-lance-la-5g-sa-ce-que-ca-change-et-ce-que-ca-ne-change-pas-pour-vous\" target=\"_blank\" rel=\"noopener\">chez Free Mobile<\/a>.<\/p>\n<p class=\"shortcode-container see-more\">\n    \u00c0 lire aussi : <br \/><a href=\"https:\/\/www.frandroid.com\/telecom\/2712859_quelles-sont-les-meilleurs-forfaits-5g-5g-sa-chez-free-orange-et-bouygues-telecom\" target=\"_blank\" rel=\"noopener\">Quelles sont les meilleurs forfaits 5G+ \/ 5G SA chez Free, Orange et Bouygues T\u00e9l\u00e9com ?<\/a>\n<\/p>\n<p>Appels illimit\u00e9s<\/p>\n<p>200 Go en France<\/p>\n<p>30 Go en Europe<\/p>\n<p>Appels illimit\u00e9s<\/p>\n<p>200 Go \u2013 240 Go en France<\/p>\n<p>15 Go en Europe<\/p>\n<p>Appels illimit\u00e9s<\/p>\n<p>350 Go en France<\/p>\n<p>35 Go en Europe<\/p>\n<p>        <a href=\"https:\/\/www.frandroid.com\/comparateur-forfaits\/comparateur-forfaits-5g\" class=\"listplans-shortcode-cta button fr-button fr-button--pink fr-button--small-icon fr-button--icon-after mb-3-mobile \" target=\"_blank\" rel=\"noopener\"><br \/>\n            Tous les forfaits 5G<br \/>\n        <\/a><\/p>\n<p class=\"title\">\n            Pour tout savoir sur la             <a href=\"https:\/\/www.frandroid.com\/comparateur-forfaits\/comparateur-forfaits-5g\" target=\"_blank\" rel=\"noopener\"><br \/>\n                5G            <\/a>\n        <\/p>\n","protected":false},"excerpt":{"rendered":"\u00c0 mi-chemin du cycle technologique de la 5G, le cabinet Ookla publie un rapport sur le d\u00e9ploiement de&hellip;\n","protected":false},"author":2,"featured_media":263312,"comment_status":"","ping_status":"","sticky":false,"template":"","format":"standard","meta":{"footnotes":""},"categories":[1586],"tags":[532,33999,11,1777,674,1011,27,12,25,34798],"class_list":{"0":"post-263311","1":"post","2":"type-post","3":"status-publish","4":"format-standard","5":"has-post-thumbnail","7":"category-europe","8":"tag-5g","9":"tag-5g-sa-standalone","10":"tag-actualites","11":"tag-eu","12":"tag-europe","13":"tag-fr","14":"tag-france","15":"tag-news","16":"tag-republique-francaise","17":"tag-reseaux-mobiles"},"share_on_mastodon":{"url":"https:\/\/pubeurope.com\/@fr\/114891235817004199","error":""},"_links":{"self":[{"href":"https:\/\/www.europesays.com\/fr\/wp-json\/wp\/v2\/posts\/263311","targetHints":{"allow":["GET"]}}],"collection":[{"href":"https:\/\/www.europesays.com\/fr\/wp-json\/wp\/v2\/posts"}],"about":[{"href":"https:\/\/www.europesays.com\/fr\/wp-json\/wp\/v2\/types\/post"}],"author":[{"embeddable":true,"href":"https:\/\/www.europesays.com\/fr\/wp-json\/wp\/v2\/users\/2"}],"replies":[{"embeddable":true,"href":"https:\/\/www.europesays.com\/fr\/wp-json\/wp\/v2\/comments?post=263311"}],"version-history":[{"count":0,"href":"https:\/\/www.europesays.com\/fr\/wp-json\/wp\/v2\/posts\/263311\/revisions"}],"wp:featuredmedia":[{"embeddable":true,"href":"https:\/\/www.europesays.com\/fr\/wp-json\/wp\/v2\/media\/263312"}],"wp:attachment":[{"href":"https:\/\/www.europesays.com\/fr\/wp-json\/wp\/v2\/media?parent=263311"}],"wp:term":[{"taxonomy":"category","embeddable":true,"href":"https:\/\/www.europesays.com\/fr\/wp-json\/wp\/v2\/categories?post=263311"},{"taxonomy":"post_tag","embeddable":true,"href":"https:\/\/www.europesays.com\/fr\/wp-json\/wp\/v2\/tags?post=263311"}],"curies":[{"name":"wp","href":"https:\/\/api.w.org\/{rel}","templated":true}]}}