{"id":263317,"date":"2025-07-21T12:33:09","date_gmt":"2025-07-21T12:33:09","guid":{"rendered":"https:\/\/www.europesays.com\/fr\/263317\/"},"modified":"2025-07-21T12:33:09","modified_gmt":"2025-07-21T12:33:09","slug":"lembarras-de-cette-deputee-ps-dans-la-polemique-sur-le-carrefour-city-du-vie-arrondissement-de-paris-liberation","status":"publish","type":"post","link":"https:\/\/www.europesays.com\/fr\/263317\/","title":{"rendered":"L\u2019embarras de cette d\u00e9put\u00e9e PS dans la pol\u00e9mique sur le Carrefour city du VIe arrondissement de Paris \u2013 Lib\u00e9ration"},"content":{"rendered":"<p class=\"sc-ksZaOG ehjQrN text-element\">La France est un pays formidable o\u00f9 un d\u00e9bat peut na\u00eetre au sujet de l\u2019ouverture d\u2019une sup\u00e9rette. Samedi 19 juillet, <a href=\"http:\/\/9r5g.mjt.lu\/lnk\/Ab4AADTLShAAAAAAAAAAAAHs75EAAAAdF00AAAAAAAxL9QBoffsv5o-VFYUmROixS4xKZHNUYgAMPbs\/1\/-F5qDtEg_P7nRxZSOAzytg\/aHR0cHM6Ly93d3cubGVtb25kZS5mci9tLWxlLW1hZy9hcnRpY2xlLzIwMjUvMDcvMTkvYS1wYXJpcy1sZXMtdHJlcy1jaGljcy1vcHBvc2FudHMtYS11bmUtc3VwZXJldHRlLXByZXMtZHUtamFyZGluLWR1LWx1eGVtYm91cmdfNjYyMjEyMF80NTAwMDU1Lmh0bWw\" target=\"_blank\" rel=\"nofollow noopener\" title=\"http:\/\/9r5g.mjt.lu\/lnk\/Ab4AADTLShAAAAAAAAAAAAHs75EAAAAdF00AAAAAAAxL9QBoffsv5o-VFYUmROixS4xKZHNUYgAMPbs\/1\/-F5qDtEg_P7nRxZSOAzytg\/aHR0cHM6Ly93d3cubGVtb25kZS5mci9tLWxlLW1hZy9hcnRpY2xlLzIwMjUvMDcvMTkvYS1wYXJpcy1sZXMtdHJlcy1jaGljcy1vcHBvc2FudHMtYS11bmUtc3VwZXJldHRlLXByZXMtZHUtamFyZGluLWR1LWx1eGVtYm91cmdfNjYyMjEyMF80NTAwMDU1Lmh0bWw\">M le magazine du Monde<\/a>, a publi\u00e9 un papier concernant l\u2019opposition farouche de riverains contre l\u2019installation d\u2019un Carrefour city dans le tr\u00e8s chic VIe arrondissement de Paris. Une p\u00e9tition a \u00e9t\u00e9 sign\u00e9e par d\u2019\u00e9minents riverains \u2013 on ne vous met pas les noms ici, plusieurs c\u00e9l\u00e9brit\u00e9s cit\u00e9es par l\u2019hebdo ayant d\u00e9menti faire partie des signataires. M\u00eame l<\/p>\n","protected":false},"excerpt":{"rendered":"La France est un pays formidable o\u00f9 un d\u00e9bat peut na\u00eetre au sujet de l\u2019ouverture d\u2019une sup\u00e9rette. Samedi&hellip;\n","protected":false},"author":2,"featured_media":263318,"comment_status":"","ping_status":"","sticky":false,"template":"","format":"standard","meta":{"footnotes":""},"categories":[2],"tags":[11,1011,27,12,626,429,25],"class_list":{"0":"post-263317","1":"post","2":"type-post","3":"status-publish","4":"format-standard","5":"has-post-thumbnail","7":"category-actualites","8":"tag-actualites","9":"tag-fr","10":"tag-france","11":"tag-news","12":"tag-paris","13":"tag-ps","14":"tag-republique-francaise"},"share_on_mastodon":{"url":"https:\/\/pubeurope.com\/@fr\/114891247073044532","error":""},"_links":{"self":[{"href":"https:\/\/www.europesays.com\/fr\/wp-json\/wp\/v2\/posts\/263317","targetHints":{"allow":["GET"]}}],"collection":[{"href":"https:\/\/www.europesays.com\/fr\/wp-json\/wp\/v2\/posts"}],"about":[{"href":"https:\/\/www.europesays.com\/fr\/wp-json\/wp\/v2\/types\/post"}],"author":[{"embeddable":true,"href":"https:\/\/www.europesays.com\/fr\/wp-json\/wp\/v2\/users\/2"}],"replies":[{"embeddable":true,"href":"https:\/\/www.europesays.com\/fr\/wp-json\/wp\/v2\/comments?post=263317"}],"version-history":[{"count":0,"href":"https:\/\/www.europesays.com\/fr\/wp-json\/wp\/v2\/posts\/263317\/revisions"}],"wp:featuredmedia":[{"embeddable":true,"href":"https:\/\/www.europesays.com\/fr\/wp-json\/wp\/v2\/media\/263318"}],"wp:attachment":[{"href":"https:\/\/www.europesays.com\/fr\/wp-json\/wp\/v2\/media?parent=263317"}],"wp:term":[{"taxonomy":"category","embeddable":true,"href":"https:\/\/www.europesays.com\/fr\/wp-json\/wp\/v2\/categories?post=263317"},{"taxonomy":"post_tag","embeddable":true,"href":"https:\/\/www.europesays.com\/fr\/wp-json\/wp\/v2\/tags?post=263317"}],"curies":[{"name":"wp","href":"https:\/\/api.w.org\/{rel}","templated":true}]}}