{"id":263323,"date":"2025-07-21T12:37:09","date_gmt":"2025-07-21T12:37:09","guid":{"rendered":"https:\/\/www.europesays.com\/fr\/263323\/"},"modified":"2025-07-21T12:37:09","modified_gmt":"2025-07-21T12:37:09","slug":"transferts-pro-d2-brive-et-guillaume-galletier-se-quittent-dun-commun-accord","status":"publish","type":"post","link":"https:\/\/www.europesays.com\/fr\/263323\/","title":{"rendered":"Transferts \/ Pro D2 \u2013 Brive et Guillaume Galletier se quittent d\u2019un commun accord"},"content":{"rendered":"<p>\n                C\u2019\u00e9tait dans les tuyaux depuis un petit moment. Guillaume Galletier et Brive se sont s\u00e9par\u00e9s d\u2019un commun accord.\n            <\/p>\n<p>Brive d\u00e9graisse. Ce lundi, <strong><a href=\"https:\/\/www.rugbyrama.fr\/equipe\/ca-brive-correze\/\" target=\"_self\" rel=\"nofollow noopener\">le club de la Corr\u00e8ze<\/a><\/strong> a annonc\u00e9 se s\u00e9parer de son centre Guillaume Galletier (28 ans) apr\u00e8s qu\u2019un accord entre les deux parties eut \u00e9t\u00e9 trouv\u00e9. \u00ab\u00a0Apr\u00e8s six saisons pass\u00e9es \u00e0 porter le maillot Noir\u00a0&amp; Blanc et pr\u00e8s de 80 matchs disput\u00e9s, Guillaume Galletier a grandement contribu\u00e9 \u00e0 la vie quotidienne du club et de la ville. Tr\u00e8s appr\u00e9ci\u00e9 des partenaires et des supporters, il a toujours fait preuve d\u2019un engagement sans faille sur le terrain et en dehors incarnant parfaitement les valeurs brivistes\u00a0\u00bb, a r\u00e9dig\u00e9 le club dans un communiqu\u00e9.<\/p>\n<p>Le cousin de l\u2019international fran\u00e7ais Kellian Galletier, hormis une rencontre jou\u00e9e avec <strong><a href=\"https:\/\/www.rugbyrama.fr\/equipe\/lyon-lou\/\" target=\"_self\" rel=\"nofollow noopener\">le Lou en 2016<\/a><\/strong>, a disput\u00e9 toutes ses matchs chez les pros avec le CAB. Lors de la saison \u00e9coul\u00e9e, celui qui est \u00e9galement pass\u00e9 par Montpellier chez les jeunes, n\u2019a, en revanche, vu son nom couch\u00e9 sur seulement cinq feuilles de match. Il se retrouve d\u00e9sormais <strong><a href=\"https:\/\/www.rugbyrama.fr\/2025\/07\/20\/top-14-transferts-lheure-des-comptes-et-des-derniers-coups-12835685.php\" target=\"_self\" rel=\"nofollow noopener\">libre de s\u2019engager dans la formation de son choix<\/a><\/strong>.<\/p>\n","protected":false},"excerpt":{"rendered":"C\u2019\u00e9tait dans les tuyaux depuis un petit moment. Guillaume Galletier et Brive se sont s\u00e9par\u00e9s d\u2019un commun accord.&hellip;\n","protected":false},"author":2,"featured_media":263324,"comment_status":"","ping_status":"","sticky":false,"template":"","format":"standard","meta":{"footnotes":""},"categories":[1416],"tags":[1011,27,479,1468,60],"class_list":{"0":"post-263323","1":"post","2":"type-post","3":"status-publish","4":"format-standard","5":"has-post-thumbnail","7":"category-rugby","8":"tag-fr","9":"tag-france","10":"tag-rugby","11":"tag-rugby-football","12":"tag-sports"},"share_on_mastodon":{"url":"https:\/\/pubeurope.com\/@fr\/114891262810896328","error":""},"_links":{"self":[{"href":"https:\/\/www.europesays.com\/fr\/wp-json\/wp\/v2\/posts\/263323","targetHints":{"allow":["GET"]}}],"collection":[{"href":"https:\/\/www.europesays.com\/fr\/wp-json\/wp\/v2\/posts"}],"about":[{"href":"https:\/\/www.europesays.com\/fr\/wp-json\/wp\/v2\/types\/post"}],"author":[{"embeddable":true,"href":"https:\/\/www.europesays.com\/fr\/wp-json\/wp\/v2\/users\/2"}],"replies":[{"embeddable":true,"href":"https:\/\/www.europesays.com\/fr\/wp-json\/wp\/v2\/comments?post=263323"}],"version-history":[{"count":0,"href":"https:\/\/www.europesays.com\/fr\/wp-json\/wp\/v2\/posts\/263323\/revisions"}],"wp:featuredmedia":[{"embeddable":true,"href":"https:\/\/www.europesays.com\/fr\/wp-json\/wp\/v2\/media\/263324"}],"wp:attachment":[{"href":"https:\/\/www.europesays.com\/fr\/wp-json\/wp\/v2\/media?parent=263323"}],"wp:term":[{"taxonomy":"category","embeddable":true,"href":"https:\/\/www.europesays.com\/fr\/wp-json\/wp\/v2\/categories?post=263323"},{"taxonomy":"post_tag","embeddable":true,"href":"https:\/\/www.europesays.com\/fr\/wp-json\/wp\/v2\/tags?post=263323"}],"curies":[{"name":"wp","href":"https:\/\/api.w.org\/{rel}","templated":true}]}}