{"id":263325,"date":"2025-07-21T12:38:09","date_gmt":"2025-07-21T12:38:09","guid":{"rendered":"https:\/\/www.europesays.com\/fr\/263325\/"},"modified":"2025-07-21T12:38:09","modified_gmt":"2025-07-21T12:38:09","slug":"atp-baghdatis-sur-tsitsipas-dezingue-par-ivanisevic-personnellement-si-jetais-lentraineur-de-stefanos-je-nirais-pas-dire-cela-dans-les-medias-meme-si-je-suis-sur-que-goran-a-raison-a-99","status":"publish","type":"post","link":"https:\/\/www.europesays.com\/fr\/263325\/","title":{"rendered":"ATP > Baghdatis sur Tsitsipas, d\u00e9zingu\u00e9 par Ivanisevic : \u00ab\u00a0Personnellement, si j&rsquo;\u00e9tais l&rsquo;entra\u00eeneur de Stefanos, je n&rsquo;irais pas dire cela dans les m\u00e9dias, m\u00eame si je suis s\u00fbr que Goran a raison \u00e0 99%\u00a0\u00bb"},"content":{"rendered":"<p>\u00ab\u202fJ\u2019\u00e9tais sous le choc, je n\u2019ai jamais vu un joueur aussi mal pr\u00e9par\u00e9 de ma vie. Avec mon genou, je suis trois fois plus en forme que lui. C\u2019est vrai\u00adment terrible\u202f\u00bb,\u00a0<a href=\"https:\/\/www.welovetennis.fr\/wimbledon\/ivanisevic-coach-de-tsitsipas-depuis-un-mois-jetais-sous-le-choc-je-nai-jamais-vu-un-joueur-aussi-mal-prepare-de-ma-vie-avec-mon-genou-je-suis-trois-fois-plus-en-forme-que-lui-cest-vrai\" data-wpel-link=\"internal\" rel=\"nofollow noopener\" target=\"_blank\">a l\u00e2ch\u00e9 Goran Ivanisevic au micro de\u00a0Sportklub\u00a0\u00e0 propos de Stefanos Tsitsipas<\/a>, qu\u2019il entra\u00eene depuis un peu plus d\u2019un\u00a0mois.\u00a0<\/p>\n<p>Cette d\u00e9cla\u00adra\u00adtion inter\u00advenue apr\u00e8s l\u2019\u00e9limination du Grec au premier tour de Wimbledon a suscit\u00e9 beau\u00adcoup de r\u00e9ac\u00adtions, <a href=\"https:\/\/www.welovetennis.fr\/wimbledon\/mouratoglou-se-paie-ivanisevic-qui-entraine-tsitsipas-ce-nest-pas-du-coaching-cest-meme-honnetement-le-contraire-de-ce-que-devrait-etre-le-coaching-je-serais-tres-surpris-quils-puissent-t\" data-wpel-link=\"internal\" rel=\"nofollow noopener\" target=\"_blank\">notam\u00adment de la part du coach fran\u00ad\u00e7ais, Patrick Mouratoglou<\/a>, mais aussi de Marcos Baghdatis, ex\u20108e mondial, inter\u00adrog\u00e9 par <a href=\"https:\/\/www.ubitennis.net\/2025\/07\/exclusive-marcos-baghdatis-99-of-what-ivanisevic-said-about-tsitsipas-is-probably-right\/\" data-wpel-link=\"external\" target=\"_blank\" rel=\"nofollow external noopener\">Ubitennis<\/a>.<\/p>\n<p><strong>\u00ab\u202fJe ne dis pas que ce que Goran a dit dans cette inter\u00adviews est faux. Je suis s\u00fbr qu\u2019il a raison \u00e0 99%, car je connais Goran. Je sais que c\u2019est un type formi\u00addable, il dit les choses telles qu\u2019elles sont et telles qu\u2019il les voit. Mais person\u00adnel\u00adle\u00adment, si j\u2019\u00e9tais entra\u00ee\u00adneur, je n\u2019irais pas dire cela dans les m\u00e9dias. Je le dirais \u00e0 l\u2019\u00e9quipe et je le dirais \u00e0 Stefanos lui\u2010m\u00eame. Ensuite, s\u2019il ne veut pas \u00e9couter, je pren\u00addrais mes distances et c\u2019est tout. Je n\u2019irais pas le dire aux m\u00e9dias, je ne ferais pas cela. Peut\u2010\u00eatre que la m\u00e9thode de Goran est la bonne. J\u2019esp\u00e8re que la fa\u00e7on dont Goran a pris les choses en main aidera Stefanos et le choquera suffi\u00adsam\u00adment pour qu\u2019il revienne. Ce que je veux, c\u2019est que Stefanos revienne l\u00e0 o\u00f9 il doit \u00eatre et retrouve son amour du\u00a0jeu.\u202f\u00bb<\/strong><\/p>\n<p class=\"post-published-date\" style=\"color: silver; font-size: 75%; text-align: left;\">Publi\u00e9 le lundi 21 juillet 2025 \u00e0 12:42<\/p>\n","protected":false},"excerpt":{"rendered":"\u00ab\u202fJ\u2019\u00e9tais sous le choc, je n\u2019ai jamais vu un joueur aussi mal pr\u00e9par\u00e9 de ma vie. Avec mon&hellip;\n","protected":false},"author":2,"featured_media":28247,"comment_status":"","ping_status":"","sticky":false,"template":"","format":"standard","meta":{"footnotes":""},"categories":[1415],"tags":[1011,27,60,1467,5443],"class_list":{"0":"post-263325","1":"post","2":"type-post","3":"status-publish","4":"format-standard","5":"has-post-thumbnail","7":"category-tennis","8":"tag-fr","9":"tag-france","10":"tag-sports","11":"tag-tennis","12":"tag-tsitsipas"},"share_on_mastodon":{"url":"https:\/\/pubeurope.com\/@fr\/114891266611646370","error":""},"_links":{"self":[{"href":"https:\/\/www.europesays.com\/fr\/wp-json\/wp\/v2\/posts\/263325","targetHints":{"allow":["GET"]}}],"collection":[{"href":"https:\/\/www.europesays.com\/fr\/wp-json\/wp\/v2\/posts"}],"about":[{"href":"https:\/\/www.europesays.com\/fr\/wp-json\/wp\/v2\/types\/post"}],"author":[{"embeddable":true,"href":"https:\/\/www.europesays.com\/fr\/wp-json\/wp\/v2\/users\/2"}],"replies":[{"embeddable":true,"href":"https:\/\/www.europesays.com\/fr\/wp-json\/wp\/v2\/comments?post=263325"}],"version-history":[{"count":0,"href":"https:\/\/www.europesays.com\/fr\/wp-json\/wp\/v2\/posts\/263325\/revisions"}],"wp:featuredmedia":[{"embeddable":true,"href":"https:\/\/www.europesays.com\/fr\/wp-json\/wp\/v2\/media\/28247"}],"wp:attachment":[{"href":"https:\/\/www.europesays.com\/fr\/wp-json\/wp\/v2\/media?parent=263325"}],"wp:term":[{"taxonomy":"category","embeddable":true,"href":"https:\/\/www.europesays.com\/fr\/wp-json\/wp\/v2\/categories?post=263325"},{"taxonomy":"post_tag","embeddable":true,"href":"https:\/\/www.europesays.com\/fr\/wp-json\/wp\/v2\/tags?post=263325"}],"curies":[{"name":"wp","href":"https:\/\/api.w.org\/{rel}","templated":true}]}}