{"id":263326,"date":"2025-07-21T12:40:12","date_gmt":"2025-07-21T12:40:12","guid":{"rendered":"https:\/\/www.europesays.com\/fr\/263326\/"},"modified":"2025-07-21T12:40:12","modified_gmt":"2025-07-21T12:40:12","slug":"motogp-2025-apres-marc-marquez-remportant-le-circuit-de-la-ville-de-tunisie","status":"publish","type":"post","link":"https:\/\/www.europesays.com\/fr\/263326\/","title":{"rendered":"MotoGP 2025 apr\u00e8s Marc Marquez remportant le circuit de la ville de Tunisie"},"content":{"rendered":"<p>AKARTA &#8211; Le coureur de Ducati, Marc Marquez, a r\u00e9ussi \u00e0 devenir champion tch\u00e8que du MotoGP 2025 sur le circuit de Barangay le dimanche 20 juillet 2025, nuit de l\u2019ouest de l\u2019Indon\u00e9sie.<\/p>\n<p>rique Marc Marquez en 12e s\u00e9rie renforce \u00e9galement les chances de champion du monde pour The Baby Alien cette saison. La raison en est que les r\u00e9sultats sur le circuit de bronze ont rendu sa collection de points plus \u00e9lev\u00e9e.<\/p>\n<p>ero, sur la course, Marquez a commenc\u00e9 sa course en ligne avec Francesco Bagnaia et Fabio Quartararo. Pendant la course, Marquez a pass\u00e9 assez longtemps derri\u00e8re Bezahitchi.<\/p>\n<p>cependant, apr\u00e8s avoir d\u00e9pass\u00e9 Bezahitchi, l\u2019ancien \u00e9l\u00e8ve de Repsol Honda s\u2019est inclin\u00e9 sans perte et a remport\u00e9 une huiti\u00e8me victoire cette saison.<\/p>\n<p>Marc est maintenant en premi\u00e8re place du classement MotoGP 2022 avec 381 points. L\u2019obtention du point a surpass\u00e9 120 points sur sa s\u0153ur, Alex Marquez, qui n\u2019a m\u00eame pas termin\u00e9 dans la course sur le circuit de bronze.<\/p>\n<p>Bagnaia, qui n\u2019a pas encore atteint le podium, a encore pu obtenir 13 points apr\u00e8s avoir \u00e9t\u00e9 class\u00e9e quatri\u00e8me.<\/p>\n<p>Marco Bezahitchi, qui a obtenu 20 points en tant que vice-champion, est class\u00e9 et occupe la quatri\u00e8me place avec 156 points, s\u2019est impos\u00e9 six points sur Fabio Di Giannant ric et Franco Morbidelli qui n\u2019a pas obtenu de points en attente.<\/p>\n<p>MotoGP 2022<\/p>\n<p>The English, Chinese, Japanese, Arabic, and French versions are automatically generated by the AI. So there may still be inaccuracies in translating, please always see Indonesian as our main language.<br \/>\n                                    (system supported by DigitalSiber.id)<\/p>\n","protected":false},"excerpt":{"rendered":"AKARTA &#8211; Le coureur de Ducati, Marc Marquez, a r\u00e9ussi \u00e0 devenir champion tch\u00e8que du MotoGP 2025 sur&hellip;\n","protected":false},"author":2,"featured_media":263327,"comment_status":"","ping_status":"","sticky":false,"template":"","format":"standard","meta":{"footnotes":""},"categories":[1413],"tags":[40276,40277,1011,27,1461,1457,1456,1458,19713,60],"class_list":{"0":"post-263326","1":"post","2":"type-post","3":"status-publish","4":"format-standard","5":"has-post-thumbnail","7":"category-moto","8":"tag-classement-motogp","9":"tag-classement-motogp-2022","10":"tag-fr","11":"tag-france","12":"tag-marc-marquez","13":"tag-moto","14":"tag-motocycle","15":"tag-motogp","16":"tag-motogp-2025","17":"tag-sports"},"share_on_mastodon":{"url":"https:\/\/pubeurope.com\/@fr\/114891275117858963","error":""},"_links":{"self":[{"href":"https:\/\/www.europesays.com\/fr\/wp-json\/wp\/v2\/posts\/263326","targetHints":{"allow":["GET"]}}],"collection":[{"href":"https:\/\/www.europesays.com\/fr\/wp-json\/wp\/v2\/posts"}],"about":[{"href":"https:\/\/www.europesays.com\/fr\/wp-json\/wp\/v2\/types\/post"}],"author":[{"embeddable":true,"href":"https:\/\/www.europesays.com\/fr\/wp-json\/wp\/v2\/users\/2"}],"replies":[{"embeddable":true,"href":"https:\/\/www.europesays.com\/fr\/wp-json\/wp\/v2\/comments?post=263326"}],"version-history":[{"count":0,"href":"https:\/\/www.europesays.com\/fr\/wp-json\/wp\/v2\/posts\/263326\/revisions"}],"wp:featuredmedia":[{"embeddable":true,"href":"https:\/\/www.europesays.com\/fr\/wp-json\/wp\/v2\/media\/263327"}],"wp:attachment":[{"href":"https:\/\/www.europesays.com\/fr\/wp-json\/wp\/v2\/media?parent=263326"}],"wp:term":[{"taxonomy":"category","embeddable":true,"href":"https:\/\/www.europesays.com\/fr\/wp-json\/wp\/v2\/categories?post=263326"},{"taxonomy":"post_tag","embeddable":true,"href":"https:\/\/www.europesays.com\/fr\/wp-json\/wp\/v2\/tags?post=263326"}],"curies":[{"name":"wp","href":"https:\/\/api.w.org\/{rel}","templated":true}]}}