{"id":263336,"date":"2025-07-21T12:45:20","date_gmt":"2025-07-21T12:45:20","guid":{"rendered":"https:\/\/www.europesays.com\/fr\/263336\/"},"modified":"2025-07-21T12:45:20","modified_gmt":"2025-07-21T12:45:20","slug":"cet-artiste-hyperrealiste-etonne-avec-ses-incroyables-dessins","status":"publish","type":"post","link":"https:\/\/www.europesays.com\/fr\/263336\/","title":{"rendered":"cet artiste hyperr\u00e9aliste \u00e9tonne avec ses incroyables dessins"},"content":{"rendered":"<p class=\"article__intro\">Non, cette photo en une de l&rsquo;article n&rsquo;est pas une photo ! C&rsquo;est un dessin. Il a 30 ans et il est parfaitement autodidacte. Mathieu Dutemps est aide-soignant aux urgences psychiatriques de Nice et sa passion est le dessin hyper r\u00e9aliste qu&rsquo;il pratique avec un talent hors pair. Depuis les confinements du Covid, le jeune homme est pass\u00e9 \u00e0 la vitesse sup\u00e9rieure et son nom est de plus en plus visible dans le petit monde tr\u00e8s ferm\u00e9 des artistes.<\/p>\n<p>\n      L\u2019actu des r\u00e9gions\n    <\/p>\n<p>\n      Chaque jour, un tour d\u2019horizon des principales infos de toutes les r\u00e9gions.\n    <\/p>\n<p>    France T\u00e9l\u00e9visions utilise votre adresse e-mail afin de vous envoyer la newsletter \u00ab\u00a0L\u2019actu des r\u00e9gions\u00a0\u00bb. Vous pouvez vous d\u00e9sinscrire \u00e0 tout moment via le lien en bas de cette newsletter. <a target=\"_blank\" href=\"https:\/\/www.francetelevisions.fr\/groupe\/confidentialite\/politique-de-confidentialite\/politique-de-confidentialite-de-france-televisions-6503\" rel=\"nofollow noopener\">Notre politique de confidentialit\u00e9<\/a><\/p>\n<p>En ce mois de juillet 2025, il attend le r\u00e9sultat de la finale d&rsquo;un concours de r\u00e9alisme international. Voici l&rsquo;histoire de ce dessinateur hors normes.<\/p>\n<p>\u00ab\u00a0Mon p\u00e8re Jean-Claude dessinait des paysages ruraux au crayon quand il \u00e9tait jeune, mais je ne l\u2019ai jamais vu faire. En revanche, depuis tout petits, ma m\u00e8re nous a toujours donn\u00e9 des feuilles et des crayons \u00e0 mon fr\u00e8re Thomas et moi. On jouait avec les feuilles et on \u00e9tait tr\u00e8s cr\u00e9atifs en racontant des histoires avec nos dessins.\u00a0\u00bb\u00a0  <\/p>\n<p>Comme toujours, c\u2019est dans l\u2019enfance que se trouvent les r\u00e9ponses. Celle de Mathieu Dutemps s\u2019est d\u00e9roul\u00e9e \u00e0 Nice \u00e0 l\u2019ombre d\u2019activit\u00e9s artistiques qu\u2019il pratiquait en famille.<\/p>\n<p><a data-article-figure=\"\" href=\"https:\/\/france3-regions.franceinfo.fr\/image\/dgiwAtCcHfkbWMKEzTyt34HhbbM\/1600x1188\/regions\/2025\/03\/11\/whatsapp-image-2025-03-11-at-15-23-10-67d0481d83658643125211.jpg\" data-pswp-width=\"1600\" data-pswp-height=\"1188\" target=\"_blank\" rel=\"nofollow noopener\"><\/p>\n<p>          <img width=\"600\" height=\"400\" class=\"article-image lazy\" data-src=\"https:\/\/www.europesays.com\/fr\/wp-content\/uploads\/2025\/07\/whatsapp-image-2025-03-11-at-15-23-10-67d0481d83658643125211.jpg\" alt=\"Grain de peau ultra fin, regard r\u00e9aliste... Will Smith version dessin\u00e9e et non photographi\u00e9e par Mathieu Dutemps.\" fetchpriority=\"high\" as=\"image\"\/><\/p>\n<p>\n            Grain de peau ultra fin, regard r\u00e9aliste&#8230; Will Smith version dessin\u00e9e et non photographi\u00e9e par Mathieu Dutemps.<br \/>\n                           \u2022<br \/>\n                                      \u00a9 Mathieu Dutemps\n                      <\/p>\n<p><\/a><\/p>\n<p>Le dessin, c&rsquo;est sa passion. Pourtant, il a quasi totalement arr\u00eat\u00e9 de dessiner (\u00e0 peine quelques caricatures de mani\u00e8re anecdotique, en dilettante) avant de reprendre \u00e0 fond pendant la p\u00e9riode du Covid en 2020.<\/p>\n<p>\u00ab\u00a0J\u2019ai fait quatre ans d\u2019\u00e9b\u00e9nisterie d\u2019art au lyc\u00e9e professionnel Pasteur de Nice. \u00c7a m\u2019a vraiment convenu lorsque j\u2019ai trouv\u00e9 cette formation. Durant ce cursus, on avait du design d\u2019objets, de produits, de la marqueterie d\u2019art. Ce n\u2019\u00e9tait pas du dessin tout le temps, mais j\u2019avais mon compte d\u2019activit\u00e9s cr\u00e9atives et donc cela me convenait parfaitement\u00a0\u00bb, pr\u00e9cise l&rsquo;artiste.\u00a0  <\/p>\n<blockquote class=\"ftvi_content_quote\">\n<p class=\"ftvi_citation_quote\">J\u2019ai vraiment repris le dessin lorsque j\u2019ai \u00e9t\u00e9 engag\u00e9 et que je suis devenu aide-soignant, sans doute parce que je savais que je n\u2019avais plus d\u2019activit\u00e9 artistique et que le besoin s\u2019est cruellement fait ressentir.<\/p>\n<p>Mathieu Dutemps, artiste.<\/p>\n<\/blockquote>\n<p>\u00a0  <\/p>\n<p>Il raconte la suite de son histoire :\u00a0\u00bb j\u2019ai imprim\u00e9 mes dessins chez mon imprimeur au port de Nice et tout est parti de l\u00e0. Il pensait que c\u2019\u00e9taient des photos\u00a0  ! C\u2019est gr\u00e2ce \u00e0 lui que j\u2019ai fait ma 1 ere exposition dans ses locaux du boulevard Stalingrad.\u00a0\u00bb <\/p>\n<p>Une histoire de rencontres et de chance, comme souvent. \u00a0  Le d\u00e9l\u00e9gu\u00e9 \u00e0 la culture de la ville passe par l\u00e0 et s\u2019int\u00e9resse aux dessins expos\u00e9s. La suite, ce sont des articles dans des magazines et des journaux de la presse r\u00e9gionale et nationale.<\/p>\n<p>L\u2019aventure commence.\u00a0\u00bb\u00c0 partir de l\u00e0, j\u2019ai particip\u00e9 \u00e0 un concours d\u2019art international et j\u2019ai \u00e9t\u00e9 dans les cinq finalistes, ce qui m\u2019a valu d\u2019exposer au Mus\u00e9e d\u2019art moderne de Barcelone en 2023. C\u2019\u00e9tait inesp\u00e9r\u00e9 et dans la foul\u00e9e, j&rsquo;ai cr\u00e9\u00e9 mon site internet.\u00a0\u00bb  <\/p>\n<p>Mathieu Dutemps a une quinzaine de dessins sur papier aquarelle \u00e0 pr\u00e9sent, ce qui fait une moyenne de trois par an sur des grands formats de 60 \u00d7 80 pour la plupart.<\/p>\n<p>Depuis \u00e0 peu pr\u00e8s cinq ans qu\u2019il s\u2019est mis \u00e0 dessiner de mani\u00e8re plus soutenue, il a d\u00fb s\u2019organiser entre son travail, sa compagne, sa famille et sa passion.<\/p>\n<p>\u00ab\u00a0Ce sont mes autres passe-temps qui en ont subi les cons\u00e9quences. Je manque de temps. Mais mes parents sont fiers maintenant. Je leur ai toujours demand\u00e9 d\u2019avoir un regard critique sur mon travail. \u00c7a m\u2019a permis de me perfectionner, car je suis tr\u00e8s exigeant et je leur demandais, comme \u00e0 tous mes proches \u00e0 qui je montrais mes dessins, d\u2019\u00eatre sans concession. J\u2019ai toujours eu besoin de ce regard critique\u00a0\u00bb.\u00a0   <\/p>\n<p>D\u00e9sormais, apr\u00e8s avoir candidat\u00e9 \u00e0 d&rsquo;autres concours internationaux<a href=\"https:\/\/www.instagram.com\/mathieu.d_art\/\" target=\"_blank\" rel=\"noopener nofollow\">, Mathieu Dutemps a tr\u00e8s envie d\u2019exposer :<\/a> \u00ab\u00a0C\u2019est plus compliqu\u00e9, car c\u2019est un milieu tr\u00e8s codifi\u00e9 qui n\u2019est pas facile \u00e0 int\u00e9grer et puis je n&rsquo;ai pas l&rsquo;\u00e2me d&rsquo;un commercial.\u00a0\u00bb<\/p>\n<p>Esp\u00e9rons que des galeristes et autres institutions amateurs d&rsquo;art\u00a0sauront d\u00e9tecter le potentiel de l\u2019artiste et valoriser son travail afin qu\u2019il soit vu par le plus grand nombre.<\/p>\n<p><a href=\"https:\/\/france3-regions.franceinfo.fr\/provence-alpes-cote-d-azur\/programmes\/france-3_provence-alpes-cote-d-azur_ici-19-20-cote-d-azur\" target=\"_blank\" rel=\"noopener nofollow\">L&rsquo;artiste \u00e9tait l&rsquo;invit\u00e9 de France 3 C\u00f4te d&rsquo;Azur le 10 mars dernier.<\/a> Gr\u00e2ce au QR code affich\u00e9 \u00e0 l&rsquo;antenne, de nombreuses questions lui ont \u00e9t\u00e9 pos\u00e9es par des spectateurs. Il a pris le temps d&rsquo;y r\u00e9pondre.<\/p>\n<ul>\n<li><strong>Lana de Nice : comment faites-vous pour \u00eatre aussi fort en dessin r\u00e9aliste ? Et comment arrivez-vous \u00e0 ne pas abandonner ?\u00a0<\/strong><\/li>\n<\/ul>\n<p>\u00ab\u00a0Je dessine avec passion et beaucoup de discipline et la perspective du dessin final me motive tout au long du processus. Je n&rsquo;ai jamais pris de cours.\u00a0\u00bb<\/p>\n<ul>\n<li><strong>Sarah de Roquefort-Les-Pins : combien de temps prend un dessin \u00e0 faire ?\u00a0<\/strong><\/li>\n<\/ul>\n<p>\u00ab\u00a0Pour un dessin, il faut compter entre 400 et 500 heures de travail. \u00c7a d\u00e9pend de la quantit\u00e9 de d\u00e9tails.\u00a0\u00bb<\/p>\n<ul>\n<li><strong>Agn\u00e8s Farrugia de Nice : q<\/strong><strong>uel est le dessin qui vous a procur\u00e9 le plus de plaisir ?\u00a0<\/strong><\/li>\n<\/ul>\n<p>\u00ab\u00a0C\u2019est celui de la femme avec <a href=\"https:\/\/www.instagram.com\/p\/DGGR0jXNJ5O\/?hl=fr&amp;img_index=1\" target=\"_blank\" rel=\"noopener nofollow\">la tresse parce que c&rsquo;est ma copine !\u00a0\u00bb<\/a><\/p>\n<p>\u00a0  <\/p>\n<ul>\n<li><strong>Ramatteo de Puget sur Argens : quel\u00a0est le dessin qui vous a pris le plus de temps ? <\/strong><\/li>\n<\/ul>\n<p>\u00ab\u00a0C\u2019est le dessin de la lentille futuriste qui s&rsquo;appelle Futur has begun.\u00a0\u00bb<\/p>\n<ul>\n<li><strong>Hugo de Monaco : est-ce qu\u2019il vous est d\u00e9j\u00e0 arriv\u00e9 de faire tomber quelque chose sur un dessin ? <\/strong><\/li>\n<\/ul>\n<p>\u00ab\u00a0\u00c7a m&rsquo;est arriv\u00e9 de renverser un peu d&rsquo;eau sur un dessin et \u00e7a g\u00e2che le travail. M\u00eame de simples postillons peuvent parfois g\u00e2cher une zone, c&rsquo;est pourquoi je dois toujours faire tr\u00e8s attention.\u00a0\u00bb<\/p>\n<ul>\n<li><strong>Anne-Marie de Saint-Paul de Vence : peut-on commander un portrait avec une photo ?\u00a0   <\/strong><\/li>\n<\/ul>\n<p>\u00ab\u00a0Oui en m&rsquo;envoyant un message sur mon site internet\u00a0ou sur Instagram.\u00a0\u00bb<\/p>\n<ul>\n<li><strong><strong>Ramatteo Parsi de Puget sur Argens : o\u00f9 peut-on trouver vos dessins ?\u00a0<\/strong> <\/strong><\/li>\n<\/ul>\n<p>\u00ab\u00a0Sur Instagram o\u00f9 l&rsquo;on peut d&rsquo;ailleurs suivre l&rsquo;avanc\u00e9e de chaque portrait en cours,  ou sur mon site internet.\u00a0\u00bb<\/p>\n<ul>\n<li><strong>Ambre de Nice : vendez-vous vos \u0153uvres ? <\/strong><\/li>\n<\/ul>\n<p>\u00ab\u00a0Oui, je vends des impressions (entre 100 et 600 euros selon le format) et pour les originaux, il faut m&rsquo;envoyer un message parce que bien \u00e9videmment, c&rsquo;est plus on\u00e9reux.\u00a0\u00bb\u00a0  <\/p>\n<ul>\n<li><strong>Charlotte &#8211; 8 ans de Nice : o\u00f9\u00a0trouvez-vous le temps de faire tout \u00e7a ?\u00a0 <\/strong><\/li>\n<\/ul>\n<p>\u00ab\u00a0Je m&rsquo;organise en r\u00e9partissant cette passion dans la semaine, mais en moyenne 2 \u00e0 3 h par jour sont consacr\u00e9es au dessin.\u00a0\u00bb <\/p>\n<p>\u00c0 lire aussi ces autres rencontres artistiques :<\/p>\n<p>&gt;\u00a0\u00ab\u00a0Tout est improvis\u00e9 !\u00a0\u00bb <a href=\"https:\/\/france3-regions.franceinfo.fr\/provence-alpes-cote-d-azur\/alpes-maritimes\/menton\/video-tout-est-improvise-plombier-de-profession-il-dessine-des-uvres-d-art-tres-colorees-3088201.html\" target=\"_blank\" rel=\"noopener nofollow\">Plombier de profession, il dessine des \u0153uvres d&rsquo;art tr\u00e8s color\u00e9es.<\/a><\/p>\n<p>&gt;\u00a0\u00c0 Menton, l&rsquo;artiste TooLate d\u00e9nonce avec<a href=\"https:\/\/france3-regions.franceinfo.fr\/provence-alpes-cote-d-azur\/alpes-maritimes\/menton\/a-menton-l-artiste-toolate-denonce-avec-une-uvre-les-migrants-morts-en-mediterranee-2985791.html\" target=\"_blank\" rel=\"noopener nofollow\"> une \u0153uvre les migrants morts en M\u00e9diterran\u00e9e.<\/a><\/p>\n<p>&gt; L\u2019une des plus grandes fresques<a href=\"https:\/\/france3-regions.franceinfo.fr\/provence-alpes-cote-d-azur\/var\/frejus-et-saint-raphael\/video-j-ai-mobilise-tout-d-abord-napoleon-l-une-des-plus-grandes-fresques-jamais-realisees-en-france-en-cours-a-frejus-2945148.html\" target=\"_blank\" rel=\"noopener nofollow\"> jamais r\u00e9alis\u00e9es en France en cours \u00e0 Fr\u00e9jus.<\/a><\/p>\n<ul>\n<li>Article publi\u00e9 une premi\u00e8re fois en mars dernier.<\/li>\n<\/ul>\n<p>  <script async src=\"\/\/www.instagram.com\/embed.js\"><\/script><\/p>\n","protected":false},"excerpt":{"rendered":"Non, cette photo en une de l&rsquo;article n&rsquo;est pas une photo ! C&rsquo;est un dessin. Il a 30&hellip;\n","protected":false},"author":2,"featured_media":263337,"comment_status":"","ping_status":"","sticky":false,"template":"","format":"standard","meta":{"footnotes":""},"categories":[1358],"tags":[1348,1384,1385,1386,58,59,1011,27],"class_list":{"0":"post-263336","1":"post","2":"type-post","3":"status-publish","4":"format-standard","5":"has-post-thumbnail","7":"category-arts-et-design","8":"tag-arts","9":"tag-arts-and-design","10":"tag-arts-et-design","11":"tag-design","12":"tag-divertissement","13":"tag-entertainment","14":"tag-fr","15":"tag-france"},"share_on_mastodon":{"url":"https:\/\/pubeurope.com\/@fr\/114891294331890723","error":""},"_links":{"self":[{"href":"https:\/\/www.europesays.com\/fr\/wp-json\/wp\/v2\/posts\/263336","targetHints":{"allow":["GET"]}}],"collection":[{"href":"https:\/\/www.europesays.com\/fr\/wp-json\/wp\/v2\/posts"}],"about":[{"href":"https:\/\/www.europesays.com\/fr\/wp-json\/wp\/v2\/types\/post"}],"author":[{"embeddable":true,"href":"https:\/\/www.europesays.com\/fr\/wp-json\/wp\/v2\/users\/2"}],"replies":[{"embeddable":true,"href":"https:\/\/www.europesays.com\/fr\/wp-json\/wp\/v2\/comments?post=263336"}],"version-history":[{"count":0,"href":"https:\/\/www.europesays.com\/fr\/wp-json\/wp\/v2\/posts\/263336\/revisions"}],"wp:featuredmedia":[{"embeddable":true,"href":"https:\/\/www.europesays.com\/fr\/wp-json\/wp\/v2\/media\/263337"}],"wp:attachment":[{"href":"https:\/\/www.europesays.com\/fr\/wp-json\/wp\/v2\/media?parent=263336"}],"wp:term":[{"taxonomy":"category","embeddable":true,"href":"https:\/\/www.europesays.com\/fr\/wp-json\/wp\/v2\/categories?post=263336"},{"taxonomy":"post_tag","embeddable":true,"href":"https:\/\/www.europesays.com\/fr\/wp-json\/wp\/v2\/tags?post=263336"}],"curies":[{"name":"wp","href":"https:\/\/api.w.org\/{rel}","templated":true}]}}