{"id":263338,"date":"2025-07-21T12:46:20","date_gmt":"2025-07-21T12:46:20","guid":{"rendered":"https:\/\/www.europesays.com\/fr\/263338\/"},"modified":"2025-07-21T12:46:20","modified_gmt":"2025-07-21T12:46:20","slug":"il-y-a-autant-de-filles-que-de-garcons-qui-se-retrouvent-dans-samuel","status":"publish","type":"post","link":"https:\/\/www.europesays.com\/fr\/263338\/","title":{"rendered":"\u201cIl y a autant de filles que de gar\u00e7ons qui se retrouvent dans Samuel\u201d"},"content":{"rendered":"<p class=\"intro\">\n\tAvec la s\u00e9rie anim\u00e9e Samuel, la jeune fran\u00e7aise a \u00e9mu un large public (plus de 45 millions de vues sur Arte!). Elle poursuit aujourd\u2019hui l\u2019aventure de cet enfant cool et sensible dans Le journal de Samuel:\u00a0un carnet dessin\u00e9 tout aussi d\u00e9licat et touchant.<\/p>\n<p>Nous avons eu l\u2019occasion de la rencontrer\u2026<\/p>\n<p>Replonger dans la peau de Samuel<\/p>\n<p><strong>Quel a \u00e9t\u00e9 le plus grand d\u00e9fi en passant de l\u2019anim\u00e9 au journal graphique?<\/strong><\/p>\n<p>C\u2019est d\u2019avoir d\u00fb me passer de la musique. Il a fallu trouver de nouvelles fa\u00e7ons d\u2019exprimer les \u00e9motions de Samuel, parfois juste avec les paroles de la chanson, parfois en replongeant dans la peau de Samuel \u2013 comme dans les premiers moments o\u00f9 j\u2019ai \u00e9crit la s\u00e9rie d\u2019animation \u2013 pour expliciter davantage sa pens\u00e9e, et parfois en repensant la composition de la page, par exemple avec une illustration en double page pour donner cette respiration que donnait la musique. \u00c7a a \u00e9t\u00e9 \u00e0 chaque fois une nouvelle exp\u00e9rimentation, un nouveau choix \u00e0 faire.<\/p>\n<p><strong>Et puis dans le coin droit du carnet, il y a un flipbook de Samuel qui danse! D\u2019ailleurs, est-ce que le carnet a permis d\u2019autres choses que la version anim\u00e9e?<\/strong><\/p>\n<p>Oui, sur certains passages, \u00e7a m\u2019a permis d\u2019exprimer des \u00e9motions fortes, comme quand Samuel est boulevers\u00e9, en col\u00e8re, parce que la grande Julie n\u2019a pas r\u00e9pondu \u00e0 sa carte postale. L\u00e0, il rature, il se d\u00e9foule sur ses pages\u2026 Et j\u2019ai pu le faire dans le journal. <\/p>\n<blockquote class=\"instagram-media\" data-instgrm-permalink=\"https:\/\/www.instagram.com\/p\/DJrOVmpsBHA\/?utm_source=ig_embed&amp;utm_campaign=loading\" data-instgrm-version=\"14\" style=\" background:#FFF; border:0; border-radius:3px; box-shadow:0 0 1px 0 rgba(0,0,0,0.5),0 1px 10px 0 rgba(0,0,0,0.15); margin: 1px; max-width:540px; min-width:326px; padding:0; width:99.375%; width:-webkit-calc(100% - 2px); width:calc(100% - 2px);\"\/>\n<p>Un journal d\u2019enfance<\/p>\n<p><strong>Vous teniez aussi un journal, enfant?<\/strong><\/p>\n<p>J\u2019avais beaucoup de <a href=\"https:\/\/www.femmesdaujourdhui.be\/loisirs\/livres\/les-journaux-intimes-de-ces-6-ecrivaines-celebres-vont-vous-passionner\/\" target=\"_blank\" rel=\"noopener noreferrer nofollow\">journaux<\/a>, mais vides parce que j\u2019\u00e9crivais un peu sur la 1\u00e8re et la 2e page. Puis, 6 mois plus tard, c\u2019\u00e9tait d\u00e9j\u00e0:\u00a0\u201cD\u00e9sol\u00e9 journal, \u00e7a fait longtemps que je n\u2019ai pas \u00e9crit\u201d, et \u00e7a s\u2019arr\u00eatait l\u00e0. Je pensais que je n\u2019avais pas de truc int\u00e9ressant \u00e0 raconter, alors que Samuel n\u2019a pas non plus une vie extraordinaire et pourtant, lui, il \u00e9crit!<\/p>\n<p><strong>Y a-t-il une page ou une phrase du carnet qui vous touche particuli\u00e8rement?<\/strong><\/p>\n<p>J\u2019adore celle-ci (elle montre celle o\u00f9 Samuel regarde le ciel \u00e9toil\u00e9, apr\u00e8s le spectacle de danse) qui dit\u00a0: \u201cc\u2019est l\u2019\u00e9t\u00e9 l\u00e0 c\u2019est s\u00fbr.\u201d\u00a0Et puis celle-ci (quelques pages plus loin). J\u2019adore la petite t\u00eate de Samuel qui d\u00e9passe, sous les feux d\u2019artifice. D\u2019ailleurs je pr\u00e9f\u00e8re ce moment dans le format papier plut\u00f4t que dans la s\u00e9rie.<\/p>\n<p><strong>C\u2019est diff\u00e9rent de travailler seule sur le carnet apr\u00e8s avoir collabor\u00e9 avec une \u00e9quipe sur l\u2019anim\u00e9?<\/strong><\/p>\n<p>En fait, sur l\u2019anim\u00e9 j\u2019\u00e9tais seule sur toute l\u2019\u00e9criture, le storyboard, etc. Mais sur l\u2019animation, on \u00e9tait une \u00e9quipe de 6, puis il y a eu toute la post-production, le son, le montage\u2026 J\u2019\u00e9tais \u00e0 chaque fois entour\u00e9e.\u00a0Puis avec la sortie de la s\u00e9rie, il y a eu la promo, les interventions\u2026 Revenir sur le journal m\u2019a permis de me retrouver \u00e0 nouveau seule, comme aux premiers instants, et \u00e7a m\u2019a vraiment fait du bien.\u00a0Avec tout ce qui \u00e9tait arriv\u00e9, je ne sais pas\u2026 Je voyais Samuel un peu flou. Et \u00e7a m\u2019a fait du bien de le retrouver.<\/p>\n<p>Inspiration et nouveaut\u00e9s<\/p>\n<p><strong>D\u2019o\u00f9 vient le personnage de l\u2019horrible femme monstre? Elle est parfaitement terrifiante.<\/strong><\/p>\n<p>Ah, \u201cla grande dame\u201d! Quand j\u2019\u00e9tais petite, j\u2019avais trop peur de la Dame Blanche. Dans la cour d\u2019\u00e9cole, on se racontait toujours des histoires d\u2019horreurs sur elle. Elle apparaissait dans mes cauchemars. Je me souviens d\u2019un personnage qui me courait apr\u00e8s avec de grandes jambes et moi, je n\u2019arrivais pas \u00e0 courir, avec cette sensation de lenteur\u2026 Et au niveau du design, je me suis inspir\u00e9e de L\u2019Attaque des Titans, avec leur grand sourire hypnotique.<\/p>\n<p><strong>Vous avez annonc\u00e9 que la s\u00e9rie et le carnet auront une suite, avec Samuel un an plus \u00e2g\u00e9. Allez-vous explorer de nouveaux th\u00e8mes? <\/strong><\/p>\n<p>Il y a plein d\u2019infos que j\u2019ai \u00e9crites sur mes personnages, sur leur vie, et qui n\u2019apparaissent pas forc\u00e9ment dans la s\u00e9rie. Et il y en a certains que j\u2019aimerais plus d\u00e9voiler, notamment Corentin. Je l\u2019aime bien et il y a pas mal de choses \u00e0 dire sur lui.<\/p>\n<p><strong>Est-ce qu\u2019en tant que sujet, l\u2019adolescence vous int\u00e9resse autant que l\u2019enfance?<\/strong><\/p>\n<p>Oui, j\u2019aime beaucoup les \u00e2ges \u201centre 2\u201d, o\u00f9 on est un peu paum\u00e9, o\u00f9 on se pose plus de questions. Samuel passe au coll\u00e8ge (l\u2019\u00e9quivalent de notre 6e primaire, ndlr), c\u2019est un moment o\u00f9 on change, ou la confiance en soi peut en prendre un coup\u2026 c\u2019est pareil pour le passage au lyc\u00e9e (notre 4e secondaire, ndlr). Ce sont des <a href=\"https:\/\/www.femmesdaujourdhui.be\/loisirs\/livres\/ambre-chalumeau-les-vivants-interview\/\" target=\"_blank\" rel=\"noopener noreferrer nofollow\">moments plein de questionnements<\/a>, de mal-\u00eatre, mais aussi de grandes joies. <\/p>\n<blockquote class=\"c-quote__text\"><p>J\u2019aime beaucoup les \u00e2ges entre 2, o\u00f9 on est un peu paum\u00e9, o\u00f9 on se pose plus de questions.<\/p><\/blockquote>\n<p><strong>Quel est le plus beau retour qu\u2019on vous ait fait sur Samuel?<\/strong><\/p>\n<p>Il y en a eu beaucoup! En fait, quand les gens me disent simplement, que revoir la s\u00e9rie les rend heureux, leur fait du bien quand ils vont mal, je trouve \u00e7a fou et \u00e7a me touche \u00e9norm\u00e9ment.<\/p>\n<p><strong>Est-ce que les retours des gar\u00e7ons\/hommes et des filles\/femmes sont diff\u00e9rents?<\/strong><\/p>\n<p>Non, il n\u2019y a pas de diff\u00e9rence. J\u2019ai l\u2019impression qu\u2019il y a autant de gar\u00e7ons et de filles qui se retrouvent dans Samuel. C\u2019est ce qui est bien, c\u2019est que \u00e7a converge. Ce qui est amusant, c\u2019est que les adultes pr\u00e9f\u00e8rent B\u00e9r\u00e9nice, alors que les enfants pr\u00e9f\u00e8rent Julie. Sans doute car je la montre d\u00e8s le d\u00e9part. <\/p>\n<p><strong>Est-ce que Samuel a chang\u00e9 quelque chose dans votre mani\u00e8re de raconter?<\/strong><\/p>\n<p>J\u2019esp\u00e8re que non! Je ne veux pas que \u00e7a me change. Quand je me remets \u00e0 \u00e9crire, j\u2019essaie d\u2019oublier le public \u2013 m\u00eame si j\u2019adore le rencontrer et discuter avec lui. J\u2019essaie de revenir \u00e0 un truc qui me pla\u00eet et qui plairait \u00e0 quelques personnes que j\u2019aime. Quand j\u2019ai post\u00e9 les premiers \u00e9pisodes, j\u2019avais 300 abonn\u00e9s sur Instagram et c\u2019\u00e9taient mes amis, mes proches. Je postais pour eux! Aujourd\u2019hui, avant de poster un truc sur Instagram, je suis t\u00e9tanis\u00e9e: il y a tant de gens qui vont le voir!<\/p>\n<p>Nouveaux projets<\/p>\n<p><strong>Avez-vous d\u00e9j\u00e0 d\u2019autres projets que Samuel?<\/strong><\/p>\n<p>Oui, j\u2019ai co\u00e9crit le sc\u00e9nario d\u2019un long m\u00e9trage de fiction (avec des acteurs) r\u00e9alis\u00e9 par Benjamin Massoubre. C\u2019est une adaptation d\u2019une BD belge, Incroyable! de Zabus.\u00a0<\/p>\n<p><strong>Il y aura de la danse dedans?<\/strong><\/p>\n<p>Non, ce n\u2019est pas mon film, donc je n\u2019ai pas mis mes petits p\u00e9ch\u00e9s mignons dedans! Le personnage est un petit gar\u00e7on, mais il ne fallait pas que ce soit Samuel\u2026 J\u2019ai v\u00e9cu 10 ans \u00e0 Angoul\u00eame o\u00f9 je suivais un cours de danse contemporaine que j\u2019adorais. Mais je danse un peu moins aujourd\u2019hui, car j\u2019ai emm\u00e9nag\u00e9 \u00e0 Paris et je cherche un nouveau cours. <\/p>\n<p><img decoding=\"async\" src=\"data:image\/svg+xml,%3Csvg%20xmlns=\" http:=\"\" alt=\"\" class=\"wp-image-186785\" data-lazy-src=\"https:\/\/www.europesays.com\/fr\/wp-content\/uploads\/2025\/07\/samuel-danse-jpg.jpg\"\/> \u00a9\u00a0Casterman<\/p>\n<p>Vous aimerez aussi:<\/p>\n<p><strong>Recettes, mode, d\u00e9co, sexo, astro: suivez nos actus sur\u00a0<a target=\"_blank\" rel=\"noopener noreferrer nofollow\" href=\"https:\/\/www.facebook.com\/femmesdaujourdhui\/\">Facebook<\/a> et\u00a0<a target=\"_blank\" rel=\"noopener noreferrer nofollow\" href=\"http:\/\/www.instagram.com\/femmesdaujourdhui.be\">Instagram<\/a>. En exclu: nos derniers articles via <a target=\"_blank\" rel=\"noopener noreferrer nofollow\" href=\"https:\/\/www.femmesdaujourdhui.be\/societe\/femmes-daujourdhui-newsletters\/\">mail<\/a>.<\/strong><\/p>\n<p><script async src=\"\/\/www.instagram.com\/embed.js\"><\/script><\/p>\n","protected":false},"excerpt":{"rendered":"Avec la s\u00e9rie anim\u00e9e Samuel, la jeune fran\u00e7aise a \u00e9mu un large public (plus de 45 millions de&hellip;\n","protected":false},"author":2,"featured_media":263339,"comment_status":"","ping_status":"","sticky":false,"template":"","format":"standard","meta":{"footnotes":""},"categories":[1357],"tags":[1379,58,59,1011,27,1380],"class_list":{"0":"post-263338","1":"post","2":"type-post","3":"status-publish","4":"format-standard","5":"has-post-thumbnail","7":"category-livres","8":"tag-books","9":"tag-divertissement","10":"tag-entertainment","11":"tag-fr","12":"tag-france","13":"tag-livres"},"share_on_mastodon":{"url":"https:\/\/pubeurope.com\/@fr\/114891298252209954","error":""},"_links":{"self":[{"href":"https:\/\/www.europesays.com\/fr\/wp-json\/wp\/v2\/posts\/263338","targetHints":{"allow":["GET"]}}],"collection":[{"href":"https:\/\/www.europesays.com\/fr\/wp-json\/wp\/v2\/posts"}],"about":[{"href":"https:\/\/www.europesays.com\/fr\/wp-json\/wp\/v2\/types\/post"}],"author":[{"embeddable":true,"href":"https:\/\/www.europesays.com\/fr\/wp-json\/wp\/v2\/users\/2"}],"replies":[{"embeddable":true,"href":"https:\/\/www.europesays.com\/fr\/wp-json\/wp\/v2\/comments?post=263338"}],"version-history":[{"count":0,"href":"https:\/\/www.europesays.com\/fr\/wp-json\/wp\/v2\/posts\/263338\/revisions"}],"wp:featuredmedia":[{"embeddable":true,"href":"https:\/\/www.europesays.com\/fr\/wp-json\/wp\/v2\/media\/263339"}],"wp:attachment":[{"href":"https:\/\/www.europesays.com\/fr\/wp-json\/wp\/v2\/media?parent=263338"}],"wp:term":[{"taxonomy":"category","embeddable":true,"href":"https:\/\/www.europesays.com\/fr\/wp-json\/wp\/v2\/categories?post=263338"},{"taxonomy":"post_tag","embeddable":true,"href":"https:\/\/www.europesays.com\/fr\/wp-json\/wp\/v2\/tags?post=263338"}],"curies":[{"name":"wp","href":"https:\/\/api.w.org\/{rel}","templated":true}]}}