{"id":263346,"date":"2025-07-21T12:51:08","date_gmt":"2025-07-21T12:51:08","guid":{"rendered":"https:\/\/www.europesays.com\/fr\/263346\/"},"modified":"2025-07-21T12:51:08","modified_gmt":"2025-07-21T12:51:08","slug":"weah-et-paixao-a-lom-deux-dossiers-finalement-tombes-a-leau","status":"publish","type":"post","link":"https:\/\/www.europesays.com\/fr\/263346\/","title":{"rendered":"Weah et Paix\u00e3o \u00e0 l\u2019OM, deux dossiers finalement tomb\u00e9s \u00e0 l\u2019eau ?"},"content":{"rendered":"<p data-testid=\"article-teaser\">Deux renforts \u00e9taient tout proches de poser leurs valises \u00e0 Marseille, mais les n\u00e9gociations coincent\u2026 Le mercato olympien prend un tournant.<\/p>\n<p><a href=\"https:\/\/www.goal.com\/fr\/listes\/l-om-boucle-sa-troisieme-recrue-officiel\/bltf2ac997b5629071c\" target=\"_self\" rel=\"noopener\">L\u2019\u00e9t\u00e9 marseillais avait d\u00e9marr\u00e9 tambour battant. Des recrues cibl\u00e9es, des cadres conserv\u00e9s, un coach ambitieux<\/a>\u2026 Mais \u00e0 l\u2019heure o\u00f9 l\u2019OM s\u2019appr\u00eate \u00e0 accueillir Pierre-Emerick Aubameyang, deux pistes offensives majeures, longtemps esp\u00e9r\u00e9es par les dirigeants, pourraient bien s\u2019\u00e9vanouir dans la nature. Les tractations autour d\u2019Igor Paix\u00e3o et Timothy Weah n\u2019avancent plus, au point d\u2019interroger sur leur issue.<\/p>\n<p>L&rsquo;article continue ci-dessous<\/p>\n","protected":false},"excerpt":{"rendered":"Deux renforts \u00e9taient tout proches de poser leurs valises \u00e0 Marseille, mais les n\u00e9gociations coincent\u2026 Le mercato olympien&hellip;\n","protected":false},"author":2,"featured_media":263347,"comment_status":"","ping_status":"","sticky":false,"template":"","format":"standard","meta":{"footnotes":""},"categories":[9],"tags":[40282,40278,1011,27,40280,7153,40279,66,884,1434,67,60,40281,28401],"class_list":{"0":"post-263346","1":"post","2":"type-post","3":"status-publish","4":"format-standard","5":"has-post-thumbnail","7":"category-sports","8":"tag-eredivisie","9":"tag-feyenoord","10":"tag-fr","11":"tag-france","12":"tag-i-paixao","13":"tag-juventus","14":"tag-juventus-fc","15":"tag-ligue-1","16":"tag-marseille","17":"tag-mercato","18":"tag-serie-a","19":"tag-sports","20":"tag-t-weah","21":"tag-transfers"},"share_on_mastodon":{"url":"https:\/\/pubeurope.com\/@fr\/114891317776219841","error":""},"_links":{"self":[{"href":"https:\/\/www.europesays.com\/fr\/wp-json\/wp\/v2\/posts\/263346","targetHints":{"allow":["GET"]}}],"collection":[{"href":"https:\/\/www.europesays.com\/fr\/wp-json\/wp\/v2\/posts"}],"about":[{"href":"https:\/\/www.europesays.com\/fr\/wp-json\/wp\/v2\/types\/post"}],"author":[{"embeddable":true,"href":"https:\/\/www.europesays.com\/fr\/wp-json\/wp\/v2\/users\/2"}],"replies":[{"embeddable":true,"href":"https:\/\/www.europesays.com\/fr\/wp-json\/wp\/v2\/comments?post=263346"}],"version-history":[{"count":0,"href":"https:\/\/www.europesays.com\/fr\/wp-json\/wp\/v2\/posts\/263346\/revisions"}],"wp:featuredmedia":[{"embeddable":true,"href":"https:\/\/www.europesays.com\/fr\/wp-json\/wp\/v2\/media\/263347"}],"wp:attachment":[{"href":"https:\/\/www.europesays.com\/fr\/wp-json\/wp\/v2\/media?parent=263346"}],"wp:term":[{"taxonomy":"category","embeddable":true,"href":"https:\/\/www.europesays.com\/fr\/wp-json\/wp\/v2\/categories?post=263346"},{"taxonomy":"post_tag","embeddable":true,"href":"https:\/\/www.europesays.com\/fr\/wp-json\/wp\/v2\/tags?post=263346"}],"curies":[{"name":"wp","href":"https:\/\/api.w.org\/{rel}","templated":true}]}}