{"id":263352,"date":"2025-07-21T12:54:10","date_gmt":"2025-07-21T12:54:10","guid":{"rendered":"https:\/\/www.europesays.com\/fr\/263352\/"},"modified":"2025-07-21T12:54:10","modified_gmt":"2025-07-21T12:54:10","slug":"la-reforme-portee-par-le-gouvernement-serait-un-carnage-total-selon-la-patronne-de-la-cfdt","status":"publish","type":"post","link":"https:\/\/www.europesays.com\/fr\/263352\/","title":{"rendered":"la r\u00e9forme port\u00e9e par le gouvernement serait \u00abun carnage total\u00bb, selon la patronne de la CFDT"},"content":{"rendered":"<p>C\u2019est \u00abune r\u00e9forme qui rapporterait de 2 \u00e0 2,5 milliards d\u2019euros\u00bb initialement, a expliqu\u00e9 Marylise L\u00e9on, ce lundi, d\u00e9non\u00e7ant un volume d\u2019\u00e9conomies \u00abqui n\u2019a jamais \u00e9t\u00e9 fait\u00bb.<\/p>\n<p class=\"fig-paragraph\">La secr\u00e9taire g\u00e9n\u00e9rale de la CFDT, Marylise L\u00e9on, a affirm\u00e9 lundi que la r\u00e9forme de l\u2019assurance ch\u00f4mage voulue par le gouvernement serait \u00abun carnage total pour les demandeurs d\u2019emploi\u00bb avec un volume d\u2019\u00e9conomies \u00abqui n\u2019a jamais \u00e9t\u00e9 fait\u00bb. C\u2019est \u00abune r\u00e9forme qui rapporterait de 2 \u00e0 2,5 milliards d\u2019euros\u00bb initialement. Et \u00abon serait entre 3 et 4 milliards en ann\u00e9e pleine, lorsque les dispositifs seraient entr\u00e9s en vigueur. Donc, c\u2019est un carnage total pour les demandeurs d\u2019emploi\u00bb, a d\u00e9clar\u00e9 Marylise L\u00e9on \u00e0 l\u2019issue d\u2019un \u00e9change avec la ministre du Travail, Astrid Panosyan-Bouvet.<\/p>\n<p class=\"fig-paragraph\">La CFTC devait \u00eatre \u00e9galement re\u00e7ue dans la journ\u00e9e, tandis que CGT, FO et CFE-CGC ont d\u00e9clin\u00e9 ces \u00e9changes dans l\u2019imm\u00e9diat, les repoussant \u00e0 la rentr\u00e9e. L\u2019\u00e9change, qui portait sur les n\u00e9gociations sociales souhait\u00e9es par le gouvernement dans le cadre de l\u2019effort budg\u00e9taire, a \u00e9t\u00e9 pr\u00e9sent\u00e9 par Marylise L\u00e9on comme une \u00abexplication franche et directe\u00bb. Outre l\u2019assurance ch\u00f4mage, le gouvernement entend proposer aux syndicats de n\u00e9gocier avec le patronat des dispositions qui concernent le droit du travail, comme la possible mon\u00e9tisation de la cinqui\u00e8me semaine de cong\u00e9s pay\u00e9s ou la suppression de deux jours f\u00e9ri\u00e9s.<\/p>\n<p>                                    <a class=\"fig-a11y-skip a11y-hidden\" href=\"#fig-a11y-skip-main-inarticle\"><br \/>\n        Passer la publicit\u00e9<br \/>\n    <\/a><\/p>\n<p class=\"fig-paragraph\">Mais pour Marylise L\u00e9on, sur ces questions qui concernent le droit du travail, \u00abil ne peut pas y avoir de n\u00e9gociation si ce n\u2019est pas pour du progr\u00e8s social\u00bb. \u00abLa question de la flexibilit\u00e9, ce n\u2019est pas le sujet de 2025\u00bb, a-t-elle poursuivi, en soulignant que \u00able monde du travail a refus\u00e9 de travailler deux ans de plus avec les retraites\u00bb et qu\u2019\u00abil refuse aussi de travailler deux jours de plus avec la suppression de deux jours f\u00e9ri\u00e9s\u00bb.<\/p>\n<p class=\"fig-paragraph\">La responsable de la centrale syndicale a aussi qualifi\u00e9\u00a0<a href=\"http:\/\/www.lefigaro.fr\/social\/budget-2026-monetiser-la-5e-semaine-de-conge-l-idee-a-haut-risque-du-gouvernement-20250716\" data-fig-type=\"NewsFlash\" data-gtm-custom-categorie=\"navigation\" data-gtm-custom-action=\"crossclick\" data-gtm-custom-label=\"Contextuel\" data-gtm-event=\"customEventSPE\" data-fig-domain=\"LEFIGARO\" target=\"_blank\" rel=\"noopener\">l\u2019id\u00e9e de mon\u00e9tiser la cinqui\u00e8me semaine de cong\u00e9s pay\u00e9s<\/a>\u00a0d\u2019\u00abextr\u00eamement injuste\u00bb. \u00abCe sont des dispositions qui donnent \u00e0 voir \u00e0 un gouvernement qui est compl\u00e8tement d\u00e9connect\u00e9 de ce qui se passe dans le monde du travail\u00bb, a-t-elle martel\u00e9, en ajoutant que \u00abtoutes les possibilit\u00e9s d\u2019action pour la CFDT restent ouvertes\u00bb, alors que l\u2019intersyndicale doit se r\u00e9unir le 1er septembre.<\/p>\n","protected":false},"excerpt":{"rendered":"C\u2019est \u00abune r\u00e9forme qui rapporterait de 2 \u00e0 2,5 milliards d\u2019euros\u00bb initialement, a expliqu\u00e9 Marylise L\u00e9on, ce lundi,&hellip;\n","protected":false},"author":2,"featured_media":263353,"comment_status":"","ping_status":"","sticky":false,"template":"","format":"standard","meta":{"footnotes":""},"categories":[6],"tags":[529,35,1270,33,34,1011,27],"class_list":{"0":"post-263352","1":"post","2":"type-post","3":"status-publish","4":"format-standard","5":"has-post-thumbnail","7":"category-economie","8":"tag-assurance-chomage","9":"tag-business","10":"tag-cfdt","11":"tag-economie","12":"tag-economy","13":"tag-fr","14":"tag-france"},"share_on_mastodon":{"url":"https:\/\/pubeurope.com\/@fr\/114891329602858858","error":""},"_links":{"self":[{"href":"https:\/\/www.europesays.com\/fr\/wp-json\/wp\/v2\/posts\/263352","targetHints":{"allow":["GET"]}}],"collection":[{"href":"https:\/\/www.europesays.com\/fr\/wp-json\/wp\/v2\/posts"}],"about":[{"href":"https:\/\/www.europesays.com\/fr\/wp-json\/wp\/v2\/types\/post"}],"author":[{"embeddable":true,"href":"https:\/\/www.europesays.com\/fr\/wp-json\/wp\/v2\/users\/2"}],"replies":[{"embeddable":true,"href":"https:\/\/www.europesays.com\/fr\/wp-json\/wp\/v2\/comments?post=263352"}],"version-history":[{"count":0,"href":"https:\/\/www.europesays.com\/fr\/wp-json\/wp\/v2\/posts\/263352\/revisions"}],"wp:featuredmedia":[{"embeddable":true,"href":"https:\/\/www.europesays.com\/fr\/wp-json\/wp\/v2\/media\/263353"}],"wp:attachment":[{"href":"https:\/\/www.europesays.com\/fr\/wp-json\/wp\/v2\/media?parent=263352"}],"wp:term":[{"taxonomy":"category","embeddable":true,"href":"https:\/\/www.europesays.com\/fr\/wp-json\/wp\/v2\/categories?post=263352"},{"taxonomy":"post_tag","embeddable":true,"href":"https:\/\/www.europesays.com\/fr\/wp-json\/wp\/v2\/tags?post=263352"}],"curies":[{"name":"wp","href":"https:\/\/api.w.org\/{rel}","templated":true}]}}