{"id":263366,"date":"2025-07-21T13:01:11","date_gmt":"2025-07-21T13:01:11","guid":{"rendered":"https:\/\/www.europesays.com\/fr\/263366\/"},"modified":"2025-07-21T13:01:11","modified_gmt":"2025-07-21T13:01:11","slug":"des-bus-devies-jusqua-vendredi-un-cote-de-lhotel-de-ville-securise","status":"publish","type":"post","link":"https:\/\/www.europesays.com\/fr\/263366\/","title":{"rendered":"des bus d\u00e9vi\u00e9s jusqu\u2019\u00e0 vendredi, un c\u00f4t\u00e9 de l\u2019h\u00f4tel de ville s\u00e9curis\u00e9"},"content":{"rendered":"<p>Apr\u00e8s <a href=\"https:\/\/www.estrepublicain.fr\/environnement\/2025\/07\/20\/alerte-orange-chute-d-arbre-rues-et-circulation-coupees\" target=\"_blank\" rel=\"noopener\"> l\u2019orage, bref mais violent par endroits, survenu ce dimanche 20\u00a0juillet en fin d\u2019apr\u00e8s-midi,<\/a> les rues de la ville ont globalement vite retrouv\u00e9 leur \u00e9tat normal, les branches des arbres, tomb\u00e9es en nombre dans certaines art\u00e8res, ayant pu \u00eatre \u00e9vacu\u00e9es. Mais le retour \u00e0 l\u2019ordinaire prendra un peu plus de temps du c\u00f4t\u00e9 de <a href=\"https:\/\/www.estrepublicain.fr\/culture-loisirs\/2025\/05\/19\/la-place-stanislas-fete-les-20-ans-de-sa-pietonnisation-et-deux-decennies-de-renouveau\" target=\"_blank\" rel=\"noopener\">la place Stanislas<\/a> et de l\u2019avenue Boufflers.<\/p>\n<p>Sur la place royale, la fa\u00e7ade de l\u2019h\u00f4tel de ville est, en effet, barri\u00e9r\u00e9e sur toute sa longueur par mesure de s\u00e9curit\u00e9, suite aux d\u00e9g\u00e2ts constat\u00e9s sur le fronton au niveau de l\u2019horloge. Laquelle, n\u00e9anmoins, continue de remplir son office puisqu\u2019elle donne toujours l\u2019heure\u2026 En attendant un examen plus pr\u00e9cis des d\u00e9gradations sur la fa\u00e7ade, et la programmation d\u2019\u00e9ventuels travaux, l\u2019entr\u00e9e \u00e0 la mairie se fait donc uniquement par la rue Pierre-Fourier, et celle \u00e0 l\u2019office de tourisme par la rue des Dominicains.<\/p>\n<p>  La ligne T4 perturb\u00e9e<\/p>\n<p>Avenue Boufflers, art\u00e8re reliant le pied du cimeti\u00e8re de Pr\u00e9ville \u00e0 la Sapini\u00e8re de Laxou, une intervention sur la chauss\u00e9e est n\u00e9cessaire, l\u2019enrob\u00e9 s\u2019\u00e9tant soulev\u00e9 sur la portion haute de l\u2019avenue. L\u00e0 o\u00f9 circulent, normalement, les bus de la ligne T4. Ces transports en commun sont donc d\u00e9vi\u00e9s, et ce jusqu\u2019\u00e0 vendredi (fin de service) de cette semaine\u00a0: les arr\u00eats de Saint-L\u00e9on \u00e0 Beauregard Sainte-Anne inclus ne sont plus desservis (en direction de Laxou), tous comme les arr\u00eats de Beauregard Sainte-Anne \u00e0 Commanderie inclus dans la direction Houdemont Porte Sud. Les v\u00e9hicules empruntent un itin\u00e9raire alternatif, par l\u2019avenue de la Lib\u00e9ration.<\/p>\n","protected":false},"excerpt":{"rendered":"Apr\u00e8s l\u2019orage, bref mais violent par endroits, survenu ce dimanche 20\u00a0juillet en fin d\u2019apr\u00e8s-midi, les rues de la&hellip;\n","protected":false},"author":2,"featured_media":263367,"comment_status":"","ping_status":"","sticky":false,"template":"","format":"standard","meta":{"footnotes":""},"categories":[9635],"tags":[1111,11,1704,436,1777,674,1011,27,775,8423,1702,1703,12,25],"class_list":{"0":"post-263366","1":"post","2":"type-post","3":"status-publish","4":"format-standard","5":"has-post-thumbnail","7":"category-nancy","8":"tag-actu","9":"tag-actualites","10":"tag-edition-nancy-et-agglomeration","11":"tag-environnement","12":"tag-eu","13":"tag-europe","14":"tag-fr","15":"tag-france","16":"tag-grand-est","17":"tag-meteorologie-climat","18":"tag-nancy","19":"tag-nancy-ville-54b","20":"tag-news","21":"tag-republique-francaise"},"share_on_mastodon":{"url":"https:\/\/pubeurope.com\/@fr\/114891357132426508","error":""},"_links":{"self":[{"href":"https:\/\/www.europesays.com\/fr\/wp-json\/wp\/v2\/posts\/263366","targetHints":{"allow":["GET"]}}],"collection":[{"href":"https:\/\/www.europesays.com\/fr\/wp-json\/wp\/v2\/posts"}],"about":[{"href":"https:\/\/www.europesays.com\/fr\/wp-json\/wp\/v2\/types\/post"}],"author":[{"embeddable":true,"href":"https:\/\/www.europesays.com\/fr\/wp-json\/wp\/v2\/users\/2"}],"replies":[{"embeddable":true,"href":"https:\/\/www.europesays.com\/fr\/wp-json\/wp\/v2\/comments?post=263366"}],"version-history":[{"count":0,"href":"https:\/\/www.europesays.com\/fr\/wp-json\/wp\/v2\/posts\/263366\/revisions"}],"wp:featuredmedia":[{"embeddable":true,"href":"https:\/\/www.europesays.com\/fr\/wp-json\/wp\/v2\/media\/263367"}],"wp:attachment":[{"href":"https:\/\/www.europesays.com\/fr\/wp-json\/wp\/v2\/media?parent=263366"}],"wp:term":[{"taxonomy":"category","embeddable":true,"href":"https:\/\/www.europesays.com\/fr\/wp-json\/wp\/v2\/categories?post=263366"},{"taxonomy":"post_tag","embeddable":true,"href":"https:\/\/www.europesays.com\/fr\/wp-json\/wp\/v2\/tags?post=263366"}],"curies":[{"name":"wp","href":"https:\/\/api.w.org\/{rel}","templated":true}]}}