{"id":263372,"date":"2025-07-21T13:04:09","date_gmt":"2025-07-21T13:04:09","guid":{"rendered":"https:\/\/www.europesays.com\/fr\/263372\/"},"modified":"2025-07-21T13:04:09","modified_gmt":"2025-07-21T13:04:09","slug":"dispute-devant-une-discotheque-il-poignarde-son-ami-et-prend-la-fuite","status":"publish","type":"post","link":"https:\/\/www.europesays.com\/fr\/263372\/","title":{"rendered":"dispute devant une discoth\u00e8que, il poignarde son ami et prend la fuite"},"content":{"rendered":"<p>            Par<br \/>\n        <strong><br \/>\n            <a href=\"https:\/\/actu.fr\/auteur\/jm-aubert\" title=\"Consulter tous les articles de Jean-Marc Aubert\" rel=\"nofollow noopener\" target=\"_blank\">Jean-Marc Aubert<\/a><br \/>\n        <\/strong><\/p>\n<p>        Publi\u00e9 le<\/p>\n<p>            21 juil. 2025 \u00e0 14h24        <\/p>\n<p>Une dispute entre deux amis a d\u00e9g\u00e9n\u00e9r\u00e9, ce samedi 19 juillet 2025 au petit matin, devant une discoth\u00e8que situ\u00e9e \u00e0 <strong>Lattes<\/strong>, en limite de la commune de Montpellier. L\u2019un d\u2019eux a \u00e9t\u00e9 poignard\u00e9.<\/p>\n<p class=\" wall-content\">Il \u00e9tait 5h45, ce samedi, quand les sapeurs-pompiers du <strong>Sdis 34<\/strong> et <strong>police secours<\/strong> ont \u00e9t\u00e9 appel\u00e9s par les agents de s\u00e9curit\u00e9 d\u2019une bo\u00eete de nuit pour porter secours \u00e0 un client qui venait d\u2019\u00eatre bless\u00e9 de deux coups couteau, l\u2019un port\u00e9 au flanc droit et \u00e0 la fesse gauche.<\/p>\n<p>    <a href=\"https:\/\/www.google.com\/maps\/embed?pb=!1m18!1m12!1m3!1d45775.8496562384!2d3.8575073850335433!3d43.56711220961295!2m3!1f0!2f0!3f0!3m2!1i1024!2i768!4f13.1!3m3!1m2!1s0x12b6b003830534e9%3A0x4078821166ac700!2s34970%20Lattes!5e0!3m2!1sfr!2sfr!4v1753100153600!5m2!1sfr!2sfr\" title=\"Ouvrie le lien\" rel=\"nofollow noopener\" target=\"_blank\">Cliquez ici pour visualiser le contenu<\/a><\/p>\n<p class=\" wall-content\">La victime a \u00e9t\u00e9 prise en charge devant l\u2019\u00e9tablissement et transport\u00e9e dans le service de \u00ab\u00a0d\u00e9chocage\u00a0\u00bb de l\u2019h\u00f4pital Lapeyronie, sans que le pronostic vital ne soit engag\u00e9.<\/p>\n<p class=\" wall-content\">Selon nos informations, cet homme \u00e9tait arriv\u00e9 dans la discoth\u00e8que dans la nuit de vendredi \u00e0 samedi, \u00e0 bord de la voiture conduite par un ami.<\/p>\n<p>Vid\u00e9os : en ce moment sur Actu<\/p>\n<p class=\" wall-content\">Que s\u2019est-il pass\u00e9 \u00e0 l\u2019aube ? Selon le t\u00e9moignage d\u2019un des agents de s\u00e9curit\u00e9, une violente dispute a \u00e9clat\u00e9 entre eux et le propri\u00e9taire du v\u00e9hicule a sorti une arme blanche, avant de poignarder son passager.<\/p>\n<p class=\" wall-content\">Le mobile de cette dispute reste tr\u00e8s flou, car le bless\u00e9 conscient lorsqu\u2019il a \u00e9t\u00e9 admis au CHU a refus\u00e9 de d\u00e9poser plainte et de livrer l\u2019identit\u00e9 de son ami agresseur, qui a quitt\u00e9 les lieux avant l\u2019arriv\u00e9e des secours et de la police nationale.<\/p>\n<p class=\" wall-content\">Suivez toute l\u2019actualit\u00e9 de vos villes et m\u00e9dias favoris en vous inscrivant \u00e0 <a href=\"https:\/\/moncompte.actu.fr\" title=\"D\u00e9couvez Mon Actu\" rel=\"nofollow noopener\" data-trk=\"{&quot;cta&quot;:{&quot;action&quot;:&quot;https:\\\/\\\/moncompte.actu.fr&quot;,&quot;category&quot;:&quot;mon compte&quot;,&quot;from&quot;:&quot;article footer&quot;,&quot;name&quot;:&quot;Mon actu&quot;,&quot;type&quot;:&quot;cta&quot;}}\" target=\"_blank\">Mon Actu<\/a>.<\/p>\n","protected":false},"excerpt":{"rendered":"Par Jean-Marc Aubert Publi\u00e9 le 21 juil. 2025 \u00e0 14h24 Une dispute entre deux amis a d\u00e9g\u00e9n\u00e9r\u00e9, ce&hellip;\n","protected":false},"author":2,"featured_media":171016,"comment_status":"","ping_status":"","sticky":false,"template":"","format":"standard","meta":{"footnotes":""},"categories":[9599],"tags":[1111,11,1777,674,118,1011,27,2208,12,2680,1072,1311,25],"class_list":{"0":"post-263372","1":"post","2":"type-post","3":"status-publish","4":"format-standard","5":"has-post-thumbnail","7":"category-montpellier","8":"tag-actu","9":"tag-actualites","10":"tag-eu","11":"tag-europe","12":"tag-faits-divers","13":"tag-fr","14":"tag-france","15":"tag-montpellier","16":"tag-news","17":"tag-occitanie","18":"tag-police","19":"tag-pompiers","20":"tag-republique-francaise"},"share_on_mastodon":{"url":"https:\/\/pubeurope.com\/@fr\/114891368975070087","error":""},"_links":{"self":[{"href":"https:\/\/www.europesays.com\/fr\/wp-json\/wp\/v2\/posts\/263372","targetHints":{"allow":["GET"]}}],"collection":[{"href":"https:\/\/www.europesays.com\/fr\/wp-json\/wp\/v2\/posts"}],"about":[{"href":"https:\/\/www.europesays.com\/fr\/wp-json\/wp\/v2\/types\/post"}],"author":[{"embeddable":true,"href":"https:\/\/www.europesays.com\/fr\/wp-json\/wp\/v2\/users\/2"}],"replies":[{"embeddable":true,"href":"https:\/\/www.europesays.com\/fr\/wp-json\/wp\/v2\/comments?post=263372"}],"version-history":[{"count":0,"href":"https:\/\/www.europesays.com\/fr\/wp-json\/wp\/v2\/posts\/263372\/revisions"}],"wp:featuredmedia":[{"embeddable":true,"href":"https:\/\/www.europesays.com\/fr\/wp-json\/wp\/v2\/media\/171016"}],"wp:attachment":[{"href":"https:\/\/www.europesays.com\/fr\/wp-json\/wp\/v2\/media?parent=263372"}],"wp:term":[{"taxonomy":"category","embeddable":true,"href":"https:\/\/www.europesays.com\/fr\/wp-json\/wp\/v2\/categories?post=263372"},{"taxonomy":"post_tag","embeddable":true,"href":"https:\/\/www.europesays.com\/fr\/wp-json\/wp\/v2\/tags?post=263372"}],"curies":[{"name":"wp","href":"https:\/\/api.w.org\/{rel}","templated":true}]}}