{"id":263379,"date":"2025-07-21T13:09:10","date_gmt":"2025-07-21T13:09:10","guid":{"rendered":"https:\/\/www.europesays.com\/fr\/263379\/"},"modified":"2025-07-21T13:09:10","modified_gmt":"2025-07-21T13:09:10","slug":"de-faux-vendeurs-de-moto-braquent-les-acheteurs-a-la-villeneuve","status":"publish","type":"post","link":"https:\/\/www.europesays.com\/fr\/263379\/","title":{"rendered":"de faux vendeurs de moto braquent les acheteurs \u00e0 La Villeneuve"},"content":{"rendered":"<p itemprop=\"description\"><strong>Deux jeunes hommes qui voulaient r\u00e9cup\u00e9rer une moto mise en vente sur un site en ligne, se sont retrouv\u00e9s dans un guet-apens dans le quartier de La Villeneuve. Le suspect principal a \u00e9t\u00e9 interpell\u00e9.<\/strong><\/p>\n<p>Ils voulaient r\u00e9cup\u00e9rer une moto mise en vente, mais se sont retrouv\u00e9s dans un guet-apens. Ce dimanche soir, dans le quartier de La Villeneuve \u00e0 Grenoble, deux jeunes personnes pensaient avoir rendez-vous avec le propri\u00e9taire d\u2019une moto mise en vente sur un site d\u2019annonces en ligne. N\u00e9anmoins, cela ne s\u2019est pas pass\u00e9 comme pr\u00e9vu.<\/p>\n<p>Selon la Direction interd\u00e9partementale de la police nationale, le vendeur aurait donn\u00e9 rendez-vous en fin d\u2019apr\u00e8s-midi, avenue La Bruy\u00e8re vers 17h. A l\u2019arriv\u00e9e de l\u2019acheteur, un jeune homme de 22 ans, accompagn\u00e9 de son petit fr\u00e8re, le vendeur a \u00e9t\u00e9 rejoint par deux hommes arm\u00e9s d\u2019un fusil \u00e0 la pompe et d\u2019un pistolet.<\/p>\n<p>Les agresseurs ont contraint les victimes \u00e0 leur livrer l\u2019argent, soit 2 000 euros, sans pour autant donner la moto en \u00e9change. Les deux jeunes hommes ont \u00e9t\u00e9 \u00e9galement oblig\u00e9s de donner un t\u00e9l\u00e9phone.<\/p>\n<p>Les trois voleurs ont imm\u00e9diatement pris la fuite. Mais, moins d\u2019une heure apr\u00e8s l\u2019attaque, le suspect principal a \u00e9t\u00e9 interpell\u00e9 par la Brigade sp\u00e9cialis\u00e9e de terrain (BST), dans le quartier, au 42 galerie de l\u2019Arlequin, suite au signalement donn\u00e9 par les victimes. Il s\u2019agit d\u2019un adolescent de 16 ans. Il a \u00e9t\u00e9 plac\u00e9 en garde \u00e0 vue et une enqu\u00eate a \u00e9t\u00e9 ouverte.<\/p>\n","protected":false},"excerpt":{"rendered":"Deux jeunes hommes qui voulaient r\u00e9cup\u00e9rer une moto mise en vente sur un site en ligne, se sont&hellip;\n","protected":false},"author":2,"featured_media":263380,"comment_status":"","ping_status":"","sticky":false,"template":"","format":"standard","meta":{"footnotes":""},"categories":[9566],"tags":[1111,11,7733,8279,2430,7736,650,7734,2889,2263,1777,674,1011,27,2731,8280,6417,1114,108,4662,12,3725,1825,25,7737],"class_list":{"0":"post-263379","1":"post","2":"type-post","3":"status-publish","4":"format-standard","5":"has-post-thumbnail","7":"category-grenoble","8":"tag-actu","9":"tag-actualites","10":"tag-alpes","11":"tag-alpes1","12":"tag-auvergne-rhone-alpes","13":"tag-cds","14":"tag-cinema","15":"tag-ecoute","16":"tag-emission","17":"tag-equipe","18":"tag-eu","19":"tag-europe","20":"tag-fr","21":"tag-france","22":"tag-grenoble","23":"tag-haute","24":"tag-information","25":"tag-infos","26":"tag-isere","27":"tag-journal","28":"tag-news","29":"tag-podcast","30":"tag-radio","31":"tag-republique-francaise","32":"tag-winamp"},"share_on_mastodon":{"url":"https:\/\/pubeurope.com\/@fr\/114891388542798879","error":""},"_links":{"self":[{"href":"https:\/\/www.europesays.com\/fr\/wp-json\/wp\/v2\/posts\/263379","targetHints":{"allow":["GET"]}}],"collection":[{"href":"https:\/\/www.europesays.com\/fr\/wp-json\/wp\/v2\/posts"}],"about":[{"href":"https:\/\/www.europesays.com\/fr\/wp-json\/wp\/v2\/types\/post"}],"author":[{"embeddable":true,"href":"https:\/\/www.europesays.com\/fr\/wp-json\/wp\/v2\/users\/2"}],"replies":[{"embeddable":true,"href":"https:\/\/www.europesays.com\/fr\/wp-json\/wp\/v2\/comments?post=263379"}],"version-history":[{"count":0,"href":"https:\/\/www.europesays.com\/fr\/wp-json\/wp\/v2\/posts\/263379\/revisions"}],"wp:featuredmedia":[{"embeddable":true,"href":"https:\/\/www.europesays.com\/fr\/wp-json\/wp\/v2\/media\/263380"}],"wp:attachment":[{"href":"https:\/\/www.europesays.com\/fr\/wp-json\/wp\/v2\/media?parent=263379"}],"wp:term":[{"taxonomy":"category","embeddable":true,"href":"https:\/\/www.europesays.com\/fr\/wp-json\/wp\/v2\/categories?post=263379"},{"taxonomy":"post_tag","embeddable":true,"href":"https:\/\/www.europesays.com\/fr\/wp-json\/wp\/v2\/tags?post=263379"}],"curies":[{"name":"wp","href":"https:\/\/api.w.org\/{rel}","templated":true}]}}