{"id":26338,"date":"2025-04-15T10:46:20","date_gmt":"2025-04-15T10:46:20","guid":{"rendered":"https:\/\/www.europesays.com\/fr\/26338\/"},"modified":"2025-04-15T10:46:20","modified_gmt":"2025-04-15T10:46:20","slug":"les-12-coups-de-midi-le-tacle-a-peine-voile-demilien-aux-redacteurs-des-questions-du-jeu-tele-star","status":"publish","type":"post","link":"https:\/\/www.europesays.com\/fr\/26338\/","title":{"rendered":"Les 12 coups de midi : le tacle \u00e0 peine voil\u00e9 d\u2019Emilien aux r\u00e9dacteurs des questions du jeu &#8211; T\u00e9l\u00e9 Star"},"content":{"rendered":"<ol>\n<li><a href=\"https:\/\/news.google.com\/rss\/articles\/CBMi3AFBVV95cUxPMlp2XzgwU2pSNnRwTEdpVS1sU3k2a3h4bHlVa3RHd1M3Q2xtS2lYeWt0VGRmejdIclRIc2N3Ty1EVGxpRzZ4MGpGbGYxVUx6Nm9KN2picFJRNkZ6ZkFMdmQ5RnEyam5qTlozOC1BeHRxZ1E2RHRmS01DR1FpeWRvN3BodHZ0SVdDTi1VYmhKU29rWUtlZ2w0MF9XaFhnSjQ0SzdQak1MT1RNRjhTaUpXclEyUzE5QlREVUZIMm5nWDhGQUpvRVpOalJKS1VwRW5xQlFPdEJ3ZDY5Tksz?oc=5\" target=\"_blank\" rel=\"nofollow noopener\">Les 12 coups de midi : le tacle \u00e0 peine voil\u00e9 d\u2019Emilien aux r\u00e9dacteurs des questions du jeu<\/a>&nbsp;&nbsp;T\u00e9l\u00e9 Star<\/li>\n<li><a href=\"https:\/\/news.google.com\/rss\/articles\/CBMirAJBVV95cUxOaV9qRUFEdTdXd00xNEtNRzhrMDVUY2lwSXp5ZG13cFdhZ0p4aU5iYnJGSEJ6VGRMVTBsV19QeEdqYzk1ZlZQQmNRal9vZXQ3dFRwNnZoMTVlOXYzcHNtZmQtMnp5TGhfb2NUUHZ2Y3JyRFp0Q1pCVU1NUzB2Uk56aU1OQXFmems4dkc4bDNibHZwUlgwUUVKUTVPTTFnREFjNXVNZ1h3QzBBbVRpT0RpYW9Bc3ltbzNXLU9rRjVYanNKQjMyVE5WLTgwM3RZXzUxTlh6TFA5VWV6NlBvZzR5akdDNVZPTGRHV3ZGR3lJTEd6YjEzOWlQcUV0TVFtbWlRLWlFNDZBS3RWcEJfYWExMm9aM1hfbnh6eWJTUkFWd2pKYkh3NXJZS1g0cWE?oc=5\" target=\"_blank\" rel=\"nofollow noopener\">\u00ab Les 12 Coups de midi \u00bb. \u00c9milien d\u00e9couvre sa 20e \u00c9toile, quel est le montant de sa cagnotte ?<\/a>&nbsp;&nbsp;Programme TV Ouest-France<\/li>\n<li><a href=\"https:\/\/news.google.com\/rss\/articles\/CBMicEFVX3lxTFByUTh4SXh5aHdOQ1lCQ1hhUEQtdEZYWTljeGZzV241OWFUV2JNcFJmY0NjTU9KZEJ2LUFVeHJxNGNlQlBMX2g3cTItbVRlNFFHcHprTndDd1hrMmd6TGJ5QTZxTWN4NTFXT0NxdkRnLWY?oc=5\" target=\"_blank\" rel=\"nofollow noopener\">Les 12 Coups de midi : Jean-Luc Reichmann pousse un coup de gueule contre Emilien<\/a>&nbsp;&nbsp;AlloCin\u00e9<\/li>\n<li><a href=\"https:\/\/news.google.com\/rss\/articles\/CBMisgFBVV95cUxPVDNaZWkxZ1VVUE10S2l3cHFIc2huSmwzaEQ5WGRYLWhibVJRMDBLdU9Yc3NMMHdvMWJWWkFMYkI4RjBFLXF3SElvZ2xuZXhUNmdwdVpHT1N3SHNwbmJwc1FoNDMwcFdtZDAzUjBtOXdIOTQzYUJGYlNnNHdmWEtYa05LQU1vSzZkUzdrTzdrOXdNVF9KNWdFZFZrVGlXdFNmYkFCVXpDN1l5WUVJRVhJMXF3?oc=5\" target=\"_blank\" rel=\"nofollow noopener\">\u00c9milien (Les 12 coups de midi) trouve enfin sa 20e \u00c9toile myst\u00e9rieuse !<\/a>&nbsp;&nbsp;programme-tv.net<\/li>\n<li><a href=\"https:\/\/news.google.com\/rss\/articles\/CBMihgJBVV95cUxOSjVRUXlZM2VwN0s3amxnMU1uakZfRU9paFR6UUx0WUU0Mjl0cmJTZG4xTlhaR1owN0F4NTlZYmUwLXRuS3NLekFjNzdxVm9OSU0zNS1fT1MyN3FaZ1F6NzlMOEV3Vm5tbkJBUlNTa0JPcVFjbmR0TUhJczl1U2dRVXFrbkdvTXdQeGtKaVprS2h3OTl1RkY5ZVV6anpUbHV2b3ZQWFhlbUowdDZKajlWT253c3V5T0xtNk01OW9UczNCazlJSHk0XzFMVGhsc0hrN2xrdnk5eEludFlYaWI4MlB2cEgxU3FnR3VLTEFfRVQ0ZmhwVXhDbFNROUtTOVoxXzhoTXFn?oc=5\" target=\"_blank\" rel=\"nofollow noopener\">Les 12 coups de midi (TF1) : Emilien a enfin trouv\u00e9 sa 20\u00e8me \u00e9toile myst\u00e9rieuse ! \u00c0 combien s\u2019\u00e9l\u00e8vent ses cadeaux ?<\/a>&nbsp;&nbsp;T\u00e9l\u00e9 7 Jours<\/li>\n<\/ol>\n","protected":false},"excerpt":{"rendered":"Les 12 coups de midi : le tacle \u00e0 peine voil\u00e9 d\u2019Emilien aux r\u00e9dacteurs des questions du jeu&nbsp;&nbsp;T\u00e9l\u00e9&hellip;\n","protected":false},"author":2,"featured_media":26339,"comment_status":"","ping_status":"","sticky":false,"template":"","format":"standard","meta":{"footnotes":""},"categories":[1356],"tags":[548,58,8555,59,1011,27,466,252,1364],"class_list":{"0":"post-26338","1":"post","2":"type-post","3":"status-publish","4":"format-standard","5":"has-post-thumbnail","7":"category-television","8":"tag-article-simple","9":"tag-divertissement","10":"tag-emilien","11":"tag-entertainment","12":"tag-fr","13":"tag-france","14":"tag-les-12-coups-de-midi","15":"tag-television","16":"tag-tv"},"share_on_mastodon":{"url":"https:\/\/pubeurope.com\/@fr\/114341582173337973","error":""},"_links":{"self":[{"href":"https:\/\/www.europesays.com\/fr\/wp-json\/wp\/v2\/posts\/26338","targetHints":{"allow":["GET"]}}],"collection":[{"href":"https:\/\/www.europesays.com\/fr\/wp-json\/wp\/v2\/posts"}],"about":[{"href":"https:\/\/www.europesays.com\/fr\/wp-json\/wp\/v2\/types\/post"}],"author":[{"embeddable":true,"href":"https:\/\/www.europesays.com\/fr\/wp-json\/wp\/v2\/users\/2"}],"replies":[{"embeddable":true,"href":"https:\/\/www.europesays.com\/fr\/wp-json\/wp\/v2\/comments?post=26338"}],"version-history":[{"count":0,"href":"https:\/\/www.europesays.com\/fr\/wp-json\/wp\/v2\/posts\/26338\/revisions"}],"wp:featuredmedia":[{"embeddable":true,"href":"https:\/\/www.europesays.com\/fr\/wp-json\/wp\/v2\/media\/26339"}],"wp:attachment":[{"href":"https:\/\/www.europesays.com\/fr\/wp-json\/wp\/v2\/media?parent=26338"}],"wp:term":[{"taxonomy":"category","embeddable":true,"href":"https:\/\/www.europesays.com\/fr\/wp-json\/wp\/v2\/categories?post=26338"},{"taxonomy":"post_tag","embeddable":true,"href":"https:\/\/www.europesays.com\/fr\/wp-json\/wp\/v2\/tags?post=26338"}],"curies":[{"name":"wp","href":"https:\/\/api.w.org\/{rel}","templated":true}]}}