{"id":263381,"date":"2025-07-21T13:10:23","date_gmt":"2025-07-21T13:10:23","guid":{"rendered":"https:\/\/www.europesays.com\/fr\/263381\/"},"modified":"2025-07-21T13:10:23","modified_gmt":"2025-07-21T13:10:23","slug":"odorico-a-la-conquete-de-la-bretagne-voici-ou-lon-peut-admirer-les-plus-belles-oeuvres","status":"publish","type":"post","link":"https:\/\/www.europesays.com\/fr\/263381\/","title":{"rendered":"Odorico \u00e0 la conqu\u00eate de la Bretagne\u00a0: voici o\u00f9 l\u2019on peut admirer les plus belles \u0153uvres"},"content":{"rendered":"<p>Connus pour leurs talents de mosa\u00efstes, les membres de la famille Odorico, originaires d\u2019Italie, ont laiss\u00e9 leurs traces majoritairement en Ille-et-Vilaine\u2026 Mais pas que. Qui sont-ils ? Vincent et Isidore Odorico, sont deux fr\u00e8res, originaires de Sequals, une ville du nord de l\u2019Italie. Immigr\u00e9e en France pour des raisons \u00e9conomiques au XIXe si\u00e8cle, la fratrie avait un objectif en t\u00eate : conqu\u00e9rir la France encore d\u00e9pourvue de mosa\u00efques.<\/p>\n<p>Une aventure qui d\u00e9bute \u00e0 Paris avec un projet pour l\u2019op\u00e9ra Garnier. Apr\u00e8s s\u2019\u00eatre tourn\u00e9s vers la ville de Tour, ils d\u00e9cident de s\u2019installer \u00e0 Rennes, en 1882. Leurs \u0153uvres, aujourd\u2019hui particuli\u00e8rement connues en Ille-et-Vilaine, sont en r\u00e9alit\u00e9 \u00e9tendues dans l\u2019ensemble de la Bretagne, o\u00f9 700 mosa\u00efques ont \u00e9t\u00e9 recens\u00e9es. Nous avons compil\u00e9 pour vous, plusieurs sites o\u00f9 l\u2019on peut admirer des mosa\u00efques de la famille Odorico dans chaque d\u00e9partement.<\/p>\n<p>En Ille-et-Vilaine<\/p>\n<p>La ville de Rennes recense une grande partie des \u0153uvres d\u2019Odorico, mais c\u2019est loin d\u2019\u00eatre la seule en Ille-et-Vilaine. \u00c0 <strong>Foug\u00e8res<\/strong>, la fa\u00e7ade de l\u2019usine Morel et Gat\u00e9 est couverte de ces pi\u00e8ces rectangulaires aux milles et une couleur. \u00c0 une demi-heure de Rennes, dans la commune de <strong>Tint\u00e9niac<\/strong>, plus pr\u00e9cis\u00e9ment au c\u0153ur de l\u2019\u00e9glise de la Sainte Trinit\u00e9, se cache une immense fresque sign\u00e9e Isidore Odorico fils. \u00c0 <strong>Vitr\u00e9<\/strong>, le sol du restaurant Odorico est lui aussi parsem\u00e9 de parcelles de mosa\u00efques. Une visite guid\u00e9e est aussi mise en place par la ville, pour y d\u00e9couvrir toutes les \u0153uvres de la famille.<\/p>\n<p>Dans les C\u00f4tes-d\u2019Armor<\/p>\n<p>Le style mosa\u00efque Art d\u00e9co, tr\u00e8s appr\u00e9ci\u00e9 \u00e0 l\u2019\u00e9poque, se propage avec les politiques de modernisation urbaine, notamment apr\u00e8s la Premi\u00e8re Guerre mondiale. Les municipalit\u00e9s veulent du \u00ab beau et moderne \u00bb, ce qui favorise l\u2019appel \u00e0 des artisans comme Odorico. Les C\u00f4tes-d\u2019Armor, bien connect\u00e9es \u00e0 Rennes par le train et la route, sont facilement accessibles. Odorico est alors tr\u00e8s connu, et les villes cherchent des d\u00e9corateurs prestigieux.<\/p>\n<p>Il est possible d\u2019observer leur \u0153uvre au bureau de poste de <strong>Perros-Guirec<\/strong>, qui abrite un parterre de mosa\u00efque. Le vestibule est aussi par\u00e9 de celles-ci. \u00c0 1 h de l\u00e0, les plus curieux pourront approcher l\u2019ancienne maison Odorico, situ\u00e9e \u00e0 <strong>Lamballe-Armor<\/strong>. Sans surprise la mosa\u00efque recouvre la fa\u00e7ade de la maison, situ\u00e9e rue Paul Langevin. Le centre culturel de la ville abrite aussi dans le hall des d\u00e9cors de mosa\u00efque. La plus grande ville des C\u00f4tes-d\u2019Armor, <strong>Saint-Brieuc<\/strong>, regorge elle aussi d\u2019\u0153uvres made by Odorico. Notamment dans le centre-ville, rue Fardel, rue Saint-Gou\u00e9no, o\u00f9 certains b\u00e2timents pr\u00e9sentent des mosa\u00efques g\u00e9om\u00e9triques caract\u00e9ristiques du style Odorico.<\/p>\n<p>En Finist\u00e8re<\/p>\n<p>\u00c0 partir de Rennes, la famille Odorico rayonne dans tout l\u2019Ouest de la France, y compris Finist\u00e8re. En cherchant bien, il est possible d\u2019en trouver \u00e0<strong> Morlaix<\/strong>. Un espace orn\u00e9 d\u2019une de leur \u0153uvre a \u00e9t\u00e9 d\u00e9nich\u00e9 dans l\u2019ancienne verri\u00e8re d\u2019un jardin d\u2019hiver du Manoir de Ker-Huella, o\u00f9 il est possible de passer la nuit. Un rev\u00eatement de mosa\u00efque d\u2019Odorico, r\u00e9alis\u00e9 entre 1937 et 1938 a \u00e9galement \u00e9t\u00e9 d\u00e9couvert \u00e0 <strong>Saint-Pol-de-L\u00e9on <\/strong>\u00e0 l\u2019ancienne \u00ab clinique du Laber \u00bb. Selon l\u2019association de l\u2019HeSCO (H\u00e9ritage Scientifique et Culturel Ouest), ces \u0153uvres comptent parmi les plus grands ensembles du mosa\u00efste conserv\u00e9s dans le Finist\u00e8re, ainsi qu\u2019un atout majeur pour le b\u00e2timent qui les abrite.<\/p>\n<p>Dans le Morbihan<\/p>\n<p>C\u00f4t\u00e9 Morbihan, les \u0153uvres de la famille Odorico se font plus rares, cach\u00e9es entre les murs de certains commerces o\u00f9 sur les monuments historiques. C\u2019est le cas \u00e0 <strong>Sainte-Anne-d\u2019Auray<\/strong>, o\u00f9 Odorico a mont\u00e9 les vo\u00fbtes du monument aux morts de la ville. Le m\u00e9morial de la Grande Guerre de Sainte-Anne-d\u2019Auray, a \u00e9t\u00e9 \u00e9difi\u00e9 de 1922 \u00e0 1932 par les cinq dioc\u00e8ses de Bretagne en honneur aux 240 000 Bretons victimes de la Premi\u00e8re Guerre mondiale. La rotonde (b\u00e2timent couvert de plan circulaire), dissimule une coupole sign\u00e9e Odorico. Elle trouve en son centre un immense soleil de mosa\u00efque, entour\u00e9 d\u2019un ciel bleu azur. Ce genre de structure n\u00e9cessite une pr\u00e9cision sans failles de la pose des morceaux de mosa\u00efque et la famille italienne a relev\u00e9 le d\u00e9fi haut la main.<\/p>\n","protected":false},"excerpt":{"rendered":"Connus pour leurs talents de mosa\u00efstes, les membres de la famille Odorico, originaires d\u2019Italie, ont laiss\u00e9 leurs traces&hellip;\n","protected":false},"author":2,"featured_media":263382,"comment_status":"","ping_status":"","sticky":false,"template":"","format":"standard","meta":{"footnotes":""},"categories":[2821],"tags":[1111,11,829,3173,872,1777,674,1011,27,12,584,25],"class_list":{"0":"post-263381","1":"post","2":"type-post","3":"status-publish","4":"format-standard","5":"has-post-thumbnail","7":"category-rennes","8":"tag-actu","9":"tag-actualites","10":"tag-bretagne","11":"tag-culture-a-rennes","12":"tag-culture-et-loisirs","13":"tag-eu","14":"tag-europe","15":"tag-fr","16":"tag-france","17":"tag-news","18":"tag-rennes","19":"tag-republique-francaise"},"share_on_mastodon":{"url":"https:\/\/pubeurope.com\/@fr\/114891392553844007","error":""},"_links":{"self":[{"href":"https:\/\/www.europesays.com\/fr\/wp-json\/wp\/v2\/posts\/263381","targetHints":{"allow":["GET"]}}],"collection":[{"href":"https:\/\/www.europesays.com\/fr\/wp-json\/wp\/v2\/posts"}],"about":[{"href":"https:\/\/www.europesays.com\/fr\/wp-json\/wp\/v2\/types\/post"}],"author":[{"embeddable":true,"href":"https:\/\/www.europesays.com\/fr\/wp-json\/wp\/v2\/users\/2"}],"replies":[{"embeddable":true,"href":"https:\/\/www.europesays.com\/fr\/wp-json\/wp\/v2\/comments?post=263381"}],"version-history":[{"count":0,"href":"https:\/\/www.europesays.com\/fr\/wp-json\/wp\/v2\/posts\/263381\/revisions"}],"wp:featuredmedia":[{"embeddable":true,"href":"https:\/\/www.europesays.com\/fr\/wp-json\/wp\/v2\/media\/263382"}],"wp:attachment":[{"href":"https:\/\/www.europesays.com\/fr\/wp-json\/wp\/v2\/media?parent=263381"}],"wp:term":[{"taxonomy":"category","embeddable":true,"href":"https:\/\/www.europesays.com\/fr\/wp-json\/wp\/v2\/categories?post=263381"},{"taxonomy":"post_tag","embeddable":true,"href":"https:\/\/www.europesays.com\/fr\/wp-json\/wp\/v2\/tags?post=263381"}],"curies":[{"name":"wp","href":"https:\/\/api.w.org\/{rel}","templated":true}]}}