{"id":263385,"date":"2025-07-21T13:12:11","date_gmt":"2025-07-21T13:12:11","guid":{"rendered":"https:\/\/www.europesays.com\/fr\/263385\/"},"modified":"2025-07-21T13:12:11","modified_gmt":"2025-07-21T13:12:11","slug":"illkirch-graffenstaden-les-cours-de-recreation-font-le-plein-de-spectacles-musicaux-cet-ete","status":"publish","type":"post","link":"https:\/\/www.europesays.com\/fr\/263385\/","title":{"rendered":"Illkirch-Graffenstaden. Les cours de r\u00e9cr\u00e9ation font le plein de spectacles musicaux cet \u00e9t\u00e9"},"content":{"rendered":"<p>Le concept\u00a0? D\u00e9localiser la musique ailleurs qu\u2019au centre-ville\u00a0; Utiliser un espace vide pendant les vacances scolaires\u00a0: les cours d\u2019\u00e9coles, voire leurs pr\u00e9aux en cas de pluie\u00a0; Donner plus de visibilit\u00e9 aux talents pr\u00e9sents sur le territoire en les faisant sortir des b\u00e2timents o\u00f9 ils enseignent. <a href=\"https:\/\/www.dna.fr\/culture-loisirs\/2024\/07\/31\/quand-la-musique-classique-investit-la-cour-de-l-ecole\" target=\"_blank\" rel=\"noopener\">De quatre en 2024<\/a> , les concerts gratuits sont pass\u00e9s \u00e0 six, regroup\u00e9s sur trois week-ends durant l\u2019\u00e9t\u00e9.<\/p>\n<p>Parmi les quatre groupes scolaires, les quatre \u00e9coles maternelles et les deux \u00e9coles \u00e9l\u00e9mentaires d\u2019Illkirch-Graffenstaden, la municipalit\u00e9 a privil\u00e9gi\u00e9 les \u00e9tablissements sans travaux et avec pr\u00e9au. Chaque soir\u00e9e est diff\u00e9rente, mettant en valeur un instrument ou un type de musique, le jazz&#8230;<\/p>\n","protected":false},"excerpt":{"rendered":"Le concept\u00a0? D\u00e9localiser la musique ailleurs qu\u2019au centre-ville\u00a0; Utiliser un espace vide pendant les vacances scolaires\u00a0: les cours&hellip;\n","protected":false},"author":2,"featured_media":263386,"comment_status":"","ping_status":"","sticky":false,"template":"","format":"standard","meta":{"footnotes":""},"categories":[2820],"tags":[1111,11,1687,2880,1777,674,107,1011,27,775,3088,873,12,25,3140,640,3089],"class_list":{"0":"post-263385","1":"post","2":"type-post","3":"status-publish","4":"format-standard","5":"has-post-thumbnail","7":"category-strasbourg","8":"tag-actu","9":"tag-actualites","10":"tag-culture-loisirs","11":"tag-edition-strasbourg","12":"tag-eu","13":"tag-europe","14":"tag-fil-info","15":"tag-fr","16":"tag-france","17":"tag-grand-est","18":"tag-illkirch-graffenstaden","19":"tag-musique","20":"tag-news","21":"tag-republique-francaise","22":"tag-spectacle","23":"tag-strasbourg","24":"tag-strasbourg-sud"},"share_on_mastodon":{"url":"https:\/\/pubeurope.com\/@fr\/114891400437123945","error":""},"_links":{"self":[{"href":"https:\/\/www.europesays.com\/fr\/wp-json\/wp\/v2\/posts\/263385","targetHints":{"allow":["GET"]}}],"collection":[{"href":"https:\/\/www.europesays.com\/fr\/wp-json\/wp\/v2\/posts"}],"about":[{"href":"https:\/\/www.europesays.com\/fr\/wp-json\/wp\/v2\/types\/post"}],"author":[{"embeddable":true,"href":"https:\/\/www.europesays.com\/fr\/wp-json\/wp\/v2\/users\/2"}],"replies":[{"embeddable":true,"href":"https:\/\/www.europesays.com\/fr\/wp-json\/wp\/v2\/comments?post=263385"}],"version-history":[{"count":0,"href":"https:\/\/www.europesays.com\/fr\/wp-json\/wp\/v2\/posts\/263385\/revisions"}],"wp:featuredmedia":[{"embeddable":true,"href":"https:\/\/www.europesays.com\/fr\/wp-json\/wp\/v2\/media\/263386"}],"wp:attachment":[{"href":"https:\/\/www.europesays.com\/fr\/wp-json\/wp\/v2\/media?parent=263385"}],"wp:term":[{"taxonomy":"category","embeddable":true,"href":"https:\/\/www.europesays.com\/fr\/wp-json\/wp\/v2\/categories?post=263385"},{"taxonomy":"post_tag","embeddable":true,"href":"https:\/\/www.europesays.com\/fr\/wp-json\/wp\/v2\/tags?post=263385"}],"curies":[{"name":"wp","href":"https:\/\/api.w.org\/{rel}","templated":true}]}}