{"id":263391,"date":"2025-07-21T13:16:08","date_gmt":"2025-07-21T13:16:08","guid":{"rendered":"https:\/\/www.europesays.com\/fr\/263391\/"},"modified":"2025-07-21T13:16:08","modified_gmt":"2025-07-21T13:16:08","slug":"ou-et-quand-est-il-possible-de-participer-a-la-nuit-des-etoiles","status":"publish","type":"post","link":"https:\/\/www.europesays.com\/fr\/263391\/","title":{"rendered":"o\u00f9 et quand est-il possible de participer \u00e0 la Nuit des \u00e9toiles\u00a0?"},"content":{"rendered":"<p>            Par<br \/>\n        <strong><br \/>\n            <a href=\"https:\/\/actu.fr\/auteur\/laure-gentil\" title=\"Consulter tous les articles de Laure Gentil\" rel=\"nofollow noopener\" target=\"_blank\">Laure Gentil<\/a><br \/>\n        <\/strong><\/p>\n<p>        Publi\u00e9 le<\/p>\n<p>            21 juil. 2025 \u00e0 14h49        <\/p>\n<p>Chaque ann\u00e9e, la Nuit des \u00e9toiles \u00e9merveille les amoureux d\u2019astronomie. Partout en France, des manifestations sont organis\u00e9es pour observer les \u00e9toiles, avec ou sans mat\u00e9riel. <strong>L\u2019apoth\u00e9ose du spectacle \u00e9tant les Pers\u00e9ides,<\/strong> qui repr\u00e9sentent le pic des pluies d\u2019\u00e9toiles filantes.<\/p>\n<p class=\" wall-content\">Cette ann\u00e9e, la Nuit des \u00e9toiles se d\u00e9roule en avance par rapport aux Pers\u00e9ides\u2009: elle aura lieu le <strong>samedi 2\u00a0ao\u00fbt de 15\u2009h \u00e0 2\u2009h<\/strong>, au <strong>stade de la Grolle<\/strong> \u00e0 La Chapelle-sur-Erdre, pr\u00e8s de Nantes.<\/p>\n<p class=\" wall-content\">Si les Pers\u00e9ides sont g\u00e9n\u00e9ralement visibles du 16\u00a0juillet au 23\u00a0ao\u00fbt, le pic est attendu pour les <strong>nuits des 12 et 13\u00a0ao\u00fbt.<\/strong><\/p>\n<p>Quel est le programme\u2009?<\/p>\n<ul class=\" wall-content\">\n<li>De<strong> 15\u2009h \u00e0 18\u2009h\u2009<\/strong>: animations, ateliers, \u00ab\u2009rando c\u00e9leste\u2009\u00bb, exposition photos, observation du soleil (en vision directe sur T\u00e9lescopes et en retransmission sur \u00e9cran)\u2009;<\/li>\n<li>\u00e0 <strong>20\u2009h\u200930<\/strong>\u2009: conf\u00e9rence sur le th\u00e8me \u00ab\u2009Les Oc\u00e9ans du ciel\u2009\u00bb\u2009;<\/li>\n<li>de<strong> 21\u2009h \u00e0 2\u2009h\u2009:<\/strong> observation du ciel nocturne.<\/li>\n<\/ul>\n<p class=\" wall-content\">Une <strong>restauration<\/strong> est pr\u00e9vue sur place. Il y a aussi des toilettes. Attention, le club d\u2019astronomie Le Cocher, qui organise l\u2019\u00e9v\u00e9nement demande aux participants de <strong>pr\u00e9voir une petite couverture<\/strong> ou un plaid pour l\u2019observation nocturne.<\/p>\n<p>Vid\u00e9os : en ce moment sur Actu<br \/>\n    <a href=\"https:\/\/www.facebook.com\/plugins\/post.php?href=https%3A%2F%2Fwww.facebook.com%2Fpermalink.php%3Fstory_fbid%3D1040842964781349%26id%3D100057617797641%26substory_index%3D1040842964781349&amp;show_text=true&amp;width=350\" title=\"Ouvrie le lien\" rel=\"nofollow noopener\" target=\"_blank\">Cliquez ici pour visualiser le contenu<\/a><\/p>\n<p class=\" wall-content\">\u00ab\u2009Pour le bon d\u00e9roulement et le confort de tous\u2009\u00bb, il est aussi fortement conseill\u00e9 de \u00ab\u2009favoriser des lumi\u00e8res rouges pour les d\u00e9placements nocturnes\u2009\u00bb. Il faut donc <strong>\u00e9viter les lampes torches<\/strong> ou l\u2019\u00e9clairage flash du portable.<\/p>\n<p class=\" wall-content\">Suivez toute l\u2019actualit\u00e9 de vos villes et m\u00e9dias favoris en vous inscrivant \u00e0 <a href=\"https:\/\/moncompte.actu.fr\" title=\"D\u00e9couvez Mon Actu\" rel=\"nofollow noopener\" data-trk=\"{&quot;cta&quot;:{&quot;action&quot;:&quot;https:\\\/\\\/moncompte.actu.fr&quot;,&quot;category&quot;:&quot;mon compte&quot;,&quot;from&quot;:&quot;article footer&quot;,&quot;name&quot;:&quot;Mon actu&quot;,&quot;type&quot;:&quot;cta&quot;}}\" target=\"_blank\">Mon Actu<\/a>.<\/p>\n","protected":false},"excerpt":{"rendered":"Par Laure Gentil Publi\u00e9 le 21 juil. 2025 \u00e0 14h49 Chaque ann\u00e9e, la Nuit des \u00e9toiles \u00e9merveille les&hellip;\n","protected":false},"author":2,"featured_media":263392,"comment_status":"","ping_status":"","sticky":false,"template":"","format":"standard","meta":{"footnotes":""},"categories":[2818],"tags":[1111,11,1063,48,1777,674,1011,27,1652,766,12,2636,25],"class_list":{"0":"post-263391","1":"post","2":"type-post","3":"status-publish","4":"format-standard","5":"has-post-thumbnail","7":"category-nantes","8":"tag-actu","9":"tag-actualites","10":"tag-animations","11":"tag-astronomie","12":"tag-eu","13":"tag-europe","14":"tag-fr","15":"tag-france","16":"tag-loisirs-culture","17":"tag-nantes","18":"tag-news","19":"tag-pays-de-la-loire","20":"tag-republique-francaise"},"share_on_mastodon":{"url":"https:\/\/pubeurope.com\/@fr\/114891416117851761","error":""},"_links":{"self":[{"href":"https:\/\/www.europesays.com\/fr\/wp-json\/wp\/v2\/posts\/263391","targetHints":{"allow":["GET"]}}],"collection":[{"href":"https:\/\/www.europesays.com\/fr\/wp-json\/wp\/v2\/posts"}],"about":[{"href":"https:\/\/www.europesays.com\/fr\/wp-json\/wp\/v2\/types\/post"}],"author":[{"embeddable":true,"href":"https:\/\/www.europesays.com\/fr\/wp-json\/wp\/v2\/users\/2"}],"replies":[{"embeddable":true,"href":"https:\/\/www.europesays.com\/fr\/wp-json\/wp\/v2\/comments?post=263391"}],"version-history":[{"count":0,"href":"https:\/\/www.europesays.com\/fr\/wp-json\/wp\/v2\/posts\/263391\/revisions"}],"wp:featuredmedia":[{"embeddable":true,"href":"https:\/\/www.europesays.com\/fr\/wp-json\/wp\/v2\/media\/263392"}],"wp:attachment":[{"href":"https:\/\/www.europesays.com\/fr\/wp-json\/wp\/v2\/media?parent=263391"}],"wp:term":[{"taxonomy":"category","embeddable":true,"href":"https:\/\/www.europesays.com\/fr\/wp-json\/wp\/v2\/categories?post=263391"},{"taxonomy":"post_tag","embeddable":true,"href":"https:\/\/www.europesays.com\/fr\/wp-json\/wp\/v2\/tags?post=263391"}],"curies":[{"name":"wp","href":"https:\/\/api.w.org\/{rel}","templated":true}]}}