{"id":26340,"date":"2025-04-15T10:47:16","date_gmt":"2025-04-15T10:47:16","guid":{"rendered":"https:\/\/www.europesays.com\/fr\/26340\/"},"modified":"2025-04-15T10:47:16","modified_gmt":"2025-04-15T10:47:16","slug":"barbara-carlotti-explore-lamour-sous-toutes-ses-coutures-pop-dans-cheris-ton-futur-rts-ch","status":"publish","type":"post","link":"https:\/\/www.europesays.com\/fr\/26340\/","title":{"rendered":"Barbara Carlotti explore l&rsquo;amour sous toutes ses coutures pop dans \u00ab\u00a0Ch\u00e9ris ton futur!\u00a0\u00bb &#8211; rts.ch"},"content":{"rendered":"<p>Dans son septi\u00e8me album intitul\u00e9 \u00ab\u00a0Ch\u00e9ris ton futur!\u00a0\u00bb sorti le 28 mars, Barbara Carlotti continue de tracer des ponts \u00e9l\u00e9gants entre chanson fran\u00e7aise et pop anglaise. La chanteuse \u00e0 la voix lyrique y d\u00e9cortique l&rsquo;amour avec \u00e9l\u00e9gance et humour en \u00e9voquant ses r\u00e9inventions possibles.<\/p>\n<p>Depuis un premier album autoproduit avec Bertrand Burgalat en 2003 et de nombreuses collaborations avec Michel Delpech, Philippe Katerine, Dominique A, Bertrand Belin, Juliette Armanet ou Brigitte Fontaine, Barbara Carlotti s&rsquo;est trac\u00e9e un parcours atypique dans le paysage de la chanson francophone.<\/p>\n<p>Nomm\u00e9es deux fois aux Victoires de la musique et r\u00e9compens\u00e9e par l\u2019Acad\u00e9mie Charles-Cros, l&rsquo;artiste cr\u00e9\u00e9 aussi des spectacles, des \u00e9missions radio et de t\u00e9l\u00e9vision, des musiques de films, r\u00e9alise des films et se fait \u00e9crivaine. Autant d&rsquo;exp\u00e9riences qui nourrissent son r\u00e9pertoire volontiers extatique ou \u00e9pique. Barbara Carlotti a souvent eu le chic des chocs atmosph\u00e9riques, comme sur l&rsquo;exemplaire \u00ab\u00a0L\u2019amour, l\u2019argent, le vent\u00a0\u00bb (2012) o\u00f9 r\u00e9gnaient ambivalences et clairs-obscurs.<\/p>\n<p>Contenu externe<\/p>\n<p> Ce contenu externe ne peut pas \u00eatre affich\u00e9 car il est susceptible de collecter des donn\u00e9es personnelles. Pour voir ce contenu vous devez autoriser la cat\u00e9gorie <strong>R\u00e9seaux sociaux<\/strong>. <\/p>\n<p> Accepter Plus d&rsquo;info <\/p>\n<p>    D\u00e9clinaisons de l&rsquo;amour<\/p>\n<p>Plus de vingt ans de carri\u00e8re donc pour Barbara Carlotti et sa voix singuli\u00e8re, form\u00e9e au chant lyrique \u00e0 Paris, influenc\u00e9e par la pop anglaise et la chanson fran\u00e7aise. A pr\u00e8s de 50 ans, la chanteuse publie un septi\u00e8me album baptis\u00e9 \u00ab\u00a0Ch\u00e9ris ton futur!\u00a0\u00bb o\u00f9 elle atteint un brillant \u00e9quilibre entre ces deux mondes typ\u00e9s.<\/p>\n<p>Derri\u00e8re l&rsquo;injonction du titre, les douze nouvelles chansons de Barbara Carlotti parlent surtout d&rsquo;amour. Au magazine Les Inrockuptibles, elle confie: \u00ab\u00a0Je voulais autant renouveler ma musique que raconter la r\u00e9invention de\u00a0l\u2019amour\u00a0\u00bb. \u00ab\u00a0Ch\u00e9ris ton futur!\u00a0\u00bb parvient \u00e0 doper le c\u00f4t\u00e9 vari\u00e9t\u00e9 avec un son plus pop et actuel ainsi qu&rsquo;\u00e0 l&rsquo;aide de constructions sonores et rythmiques surprenantes. Harmonies et couleurs musicales varient pour \u00e9voquer, voix grave ou aigu\u00eb, les blessures du pass\u00e9 \u00e0 gu\u00e9rir, dire le d\u00e9sir et les d\u00e9sillusions sentimentales avec \u00e9l\u00e9gance et humour ou se laisser \u00e9mouvoir par les joies fugaces et \u00e9ternelles.<\/p>\n<p>Contenu externe<\/p>\n<p> Ce contenu externe ne peut pas \u00eatre affich\u00e9 car il est susceptible de collecter des donn\u00e9es personnelles. Pour voir ce contenu vous devez autoriser la cat\u00e9gorie <strong>R\u00e9seaux sociaux<\/strong>. <\/p>\n<p> Accepter Plus d&rsquo;info <\/p>\n<p>La pop hybride de Barbara Carlotti a le groove et le lyrisme dans le sang. Mais aussi de la tendresse, \u00e0 l&rsquo;image de \u00ab\u00a0L&rsquo;inconnu\u00a0\u00bb au c\u00f4t\u00e9 de Philippe Katerine qui rappelle la gr\u00e2ce de leur duo pass\u00e9 sur \u00ab\u00a0Mon Dieu, mon amour\u00a0\u00bb (2012). En \u00e9pilogue, la luxuriance instrumentale et la dimension cathartique du \u00ab\u00a0Syndrome de Stendhal\u00a0\u00bb atteignent des sommets d&rsquo;\u00e9l\u00e9gance.<\/p>\n<p class=\"sources\">Sujet radio: Yves Zahno<\/p>\n<p class=\"credit\">Adaptation web: Olivier Horner<\/p>\n<p class=\"article-footnote\">Barbara Carlotti, \u00ab\u00a0Ch\u00e9ris ton futur!\u00a0\u00bb (La maison des r\u00eaves). Paru le 28 mars 2025.<\/p>\n","protected":false},"excerpt":{"rendered":"Dans son septi\u00e8me album intitul\u00e9 \u00ab\u00a0Ch\u00e9ris ton futur!\u00a0\u00bb sorti le 28 mars, Barbara Carlotti continue de tracer des&hellip;\n","protected":false},"author":2,"featured_media":26341,"comment_status":"","ping_status":"","sticky":false,"template":"","format":"standard","meta":{"footnotes":""},"categories":[1355],"tags":[1692,1693,9380,1000,1695,1696,251,58,59,2081,1011,27,1361,873,1698,9381,9382],"class_list":{"0":"post-26340","1":"post","2":"type-post","3":"status-publish","4":"format-standard","5":"has-post-thumbnail","7":"category-musique","8":"tag-album","9":"tag-arts-et-divertissement","10":"tag-barbara-carlotti","11":"tag-celebrites","12":"tag-chanson","13":"tag-chanteur","14":"tag-culture","15":"tag-divertissement","16":"tag-entertainment","17":"tag-film","18":"tag-fr","19":"tag-france","20":"tag-music","21":"tag-musique","22":"tag-musiques","23":"tag-philippe-katerine","24":"tag-station-de-radio"},"share_on_mastodon":{"url":"https:\/\/pubeurope.com\/@fr\/114341586051590361","error":""},"_links":{"self":[{"href":"https:\/\/www.europesays.com\/fr\/wp-json\/wp\/v2\/posts\/26340","targetHints":{"allow":["GET"]}}],"collection":[{"href":"https:\/\/www.europesays.com\/fr\/wp-json\/wp\/v2\/posts"}],"about":[{"href":"https:\/\/www.europesays.com\/fr\/wp-json\/wp\/v2\/types\/post"}],"author":[{"embeddable":true,"href":"https:\/\/www.europesays.com\/fr\/wp-json\/wp\/v2\/users\/2"}],"replies":[{"embeddable":true,"href":"https:\/\/www.europesays.com\/fr\/wp-json\/wp\/v2\/comments?post=26340"}],"version-history":[{"count":0,"href":"https:\/\/www.europesays.com\/fr\/wp-json\/wp\/v2\/posts\/26340\/revisions"}],"wp:featuredmedia":[{"embeddable":true,"href":"https:\/\/www.europesays.com\/fr\/wp-json\/wp\/v2\/media\/26341"}],"wp:attachment":[{"href":"https:\/\/www.europesays.com\/fr\/wp-json\/wp\/v2\/media?parent=26340"}],"wp:term":[{"taxonomy":"category","embeddable":true,"href":"https:\/\/www.europesays.com\/fr\/wp-json\/wp\/v2\/categories?post=26340"},{"taxonomy":"post_tag","embeddable":true,"href":"https:\/\/www.europesays.com\/fr\/wp-json\/wp\/v2\/tags?post=26340"}],"curies":[{"name":"wp","href":"https:\/\/api.w.org\/{rel}","templated":true}]}}