{"id":263409,"date":"2025-07-21T13:25:13","date_gmt":"2025-07-21T13:25:13","guid":{"rendered":"https:\/\/www.europesays.com\/fr\/263409\/"},"modified":"2025-07-21T13:25:13","modified_gmt":"2025-07-21T13:25:13","slug":"aubameyang-a-lom-marseille-change-de-decision-a-la-derniere-minute","status":"publish","type":"post","link":"https:\/\/www.europesays.com\/fr\/263409\/","title":{"rendered":"Aubameyang \u00e0 l\u2019OM, Marseille change de d\u00e9cision \u00e0 la derni\u00e8re minute"},"content":{"rendered":"<p data-testid=\"article-teaser\">Alors que tout est fin pr\u00eat pour l\u2019arriv\u00e9e de Pierre-Emerick Aubameyang \u00e0 l\u2019OM, le club phoc\u00e9en vient de changer d\u2019avis au dernier moment.<\/p>\n<p><a href=\"https:\/\/www.goal.com\/fr\/listes\/mercato-om-aubameyang-fait-son-choix-definitif\/blt7ce78114e87976ef\" target=\"_self\" rel=\"noopener\">Le retour de Pierre-Emerick Aubameyang sur la Canebi\u00e8re semblait ficel\u00e9, clair, limpide<\/a>. Pourtant, \u00e0 quelques heures de son arriv\u00e9e officielle, un petit d\u00e9tail contractuel s\u2019invite \u00e0 la table. Et ce d\u00e9tail pourrait bien peser lourd dans le destin du buteur gabonais. Une clause inattendue s\u2019est gliss\u00e9e dans le contrat d\u2019Aubameyang avec l\u2019OM\u2026 Et elle pourrait tout changer pour la saison \u00e0 venir.<\/p>\n<p>L&rsquo;article continue ci-dessous<\/p>\n","protected":false},"excerpt":{"rendered":"Alors que tout est fin pr\u00eat pour l\u2019arriv\u00e9e de Pierre-Emerick Aubameyang \u00e0 l\u2019OM, le club phoc\u00e9en vient de&hellip;\n","protected":false},"author":2,"featured_media":263410,"comment_status":"","ping_status":"","sticky":false,"template":"","format":"standard","meta":{"footnotes":""},"categories":[2814],"tags":[1111,11,1777,674,1011,27,66,40286,884,1434,12,40287,38746,882,25,28401],"class_list":{"0":"post-263409","1":"post","2":"type-post","3":"status-publish","4":"format-standard","5":"has-post-thumbnail","7":"category-marseille","8":"tag-actu","9":"tag-actualites","10":"tag-eu","11":"tag-europe","12":"tag-fr","13":"tag-france","14":"tag-ligue-1","15":"tag-m-benatia","16":"tag-marseille","17":"tag-mercato","18":"tag-news","19":"tag-p-aubameyang","20":"tag-pierre-emerick-aubameyang","21":"tag-provence-alpes-cote-dazur","22":"tag-republique-francaise","23":"tag-transfers"},"share_on_mastodon":{"url":"https:\/\/pubeurope.com\/@fr\/114891451476878849","error":""},"_links":{"self":[{"href":"https:\/\/www.europesays.com\/fr\/wp-json\/wp\/v2\/posts\/263409","targetHints":{"allow":["GET"]}}],"collection":[{"href":"https:\/\/www.europesays.com\/fr\/wp-json\/wp\/v2\/posts"}],"about":[{"href":"https:\/\/www.europesays.com\/fr\/wp-json\/wp\/v2\/types\/post"}],"author":[{"embeddable":true,"href":"https:\/\/www.europesays.com\/fr\/wp-json\/wp\/v2\/users\/2"}],"replies":[{"embeddable":true,"href":"https:\/\/www.europesays.com\/fr\/wp-json\/wp\/v2\/comments?post=263409"}],"version-history":[{"count":0,"href":"https:\/\/www.europesays.com\/fr\/wp-json\/wp\/v2\/posts\/263409\/revisions"}],"wp:featuredmedia":[{"embeddable":true,"href":"https:\/\/www.europesays.com\/fr\/wp-json\/wp\/v2\/media\/263410"}],"wp:attachment":[{"href":"https:\/\/www.europesays.com\/fr\/wp-json\/wp\/v2\/media?parent=263409"}],"wp:term":[{"taxonomy":"category","embeddable":true,"href":"https:\/\/www.europesays.com\/fr\/wp-json\/wp\/v2\/categories?post=263409"},{"taxonomy":"post_tag","embeddable":true,"href":"https:\/\/www.europesays.com\/fr\/wp-json\/wp\/v2\/tags?post=263409"}],"curies":[{"name":"wp","href":"https:\/\/api.w.org\/{rel}","templated":true}]}}