{"id":263411,"date":"2025-07-21T13:26:19","date_gmt":"2025-07-21T13:26:19","guid":{"rendered":"https:\/\/www.europesays.com\/fr\/263411\/"},"modified":"2025-07-21T13:26:19","modified_gmt":"2025-07-21T13:26:19","slug":"a-peine-inauguree-lombriere-a-16-million-deuros-de-la-place-bellecour-deja-degradee","status":"publish","type":"post","link":"https:\/\/www.europesays.com\/fr\/263411\/","title":{"rendered":"\u00e0 peine inaugur\u00e9e, l\u2019ombri\u00e8re \u00e0 1,6 million d\u2019euros de la place Bellecour d\u00e9j\u00e0 d\u00e9grad\u00e9e"},"content":{"rendered":"<p>Une ou plusieurs personnes ont enlev\u00e9 des boulons de l\u2019\u0153uvre Tissage urbain, inaugur\u00e9e officiellement la semaine pass\u00e9e sur la place Bellecour.<\/p>\n<p class=\"fig-paragraph\">L\u2019\u0153uvre Tissage urbain, aussi appel\u00e9e\u00a0<a href=\"http:\/\/www.lefigaro.fr\/lyon\/lyon-les-ombrieres-geantes-de-la-place-bellecour-se-devoilent-peu-a-peu-20250425\" data-fig-type=\"NewsFlash\" data-gtm-custom-categorie=\"navigation\" data-gtm-custom-action=\"crossclick\" data-gtm-custom-label=\"Contextuel\" data-gtm-event=\"customEventSPE\" data-fig-domain=\"LEFIGARO\" target=\"_blank\" rel=\"noopener\">ombri\u00e8res de la place Bellecour,<\/a>\u00a0install\u00e9es depuis d\u00e9but juillet fait couler beaucoup d\u2019encre \u00e0 Lyon. Con\u00e7ue pour apporter un peu de fra\u00eecheur sur la plus grande place de la ville, l\u2019\u0153uvre, d\u00e9j\u00e0 surnomm\u00e9e \u00abl\u2019\u00e9tendoir\u00bb par ses d\u00e9tracteurs, a \u00e9t\u00e9 vandalis\u00e9e ce samedi. En d\u00e9but d\u2019apr\u00e8s-midi, les services de la ville ont \u00e9t\u00e9 avertis qu\u2019une vingtaine de boulons y ont \u00e9t\u00e9 retir\u00e9s. Une d\u00e9gradation \u00abqui ne met pas en p\u00e9ril\u00bb l\u2019\u0153uvre en elle-m\u00eame, assure Mohamed Chihi, l\u2019adjoint charg\u00e9 de la s\u00e9curit\u00e9 \u00e0 la ville. Elle a toutefois n\u00e9cessit\u00e9 la mise en place d\u2019un p\u00e9rim\u00e8tre de s\u00e9curit\u00e9. P\u00e9rim\u00e8tre retir\u00e9 en fin de soir\u00e9e une fois les boulons remis en place. \u00abOn condamne cet acte et une plainte a \u00e9t\u00e9 d\u00e9pos\u00e9e imm\u00e9diatement\u00bb, poursuit Mohamed Chihi. Les images des cam\u00e9ras install\u00e9es autour de l\u2019\u0153uvre ont \u00e9t\u00e9 transmises aux enqu\u00eateurs. \u00abCe qui est certain c\u2019est que pour d\u00e9visser ce type de boulon il faut un outil ad\u00e9quat. \u00c7a d\u00e9montre une volont\u00e9 de s\u2019en prendre \u00e0 l\u2019\u0153uvre\u00bb, commente l\u2019adjoint \u00e9cologiste.<\/p>\n<p class=\"fig-paragraph\">Du c\u00f4t\u00e9 de l\u2019opposition, Pierre Oliver, maire LR du 2 arrondissement, voit dans cet acte une illustration des inqui\u00e9tudes qu\u2019il exprimait d\u00e8s le lancement du projet. \u00abOn avait d\u00e8s le d\u00e9part alert\u00e9 sur les failles de s\u00e9curit\u00e9. Cette fois, ce ne sont \u00ab\u00a0que\u00a0\u00bb des boulons, mais j\u2019esp\u00e8re qu\u2019on n\u2019attendra pas un incendie. C\u2019est \u00e7a, aujourd\u2019hui, qui m\u2019inqui\u00e8te vraiment\u00bb, a-t-il d\u00e9clar\u00e9.<\/p>\n<p>                                    <a class=\"fig-a11y-skip a11y-hidden\" href=\"#fig-a11y-skip-main-inarticle\"><br \/>\n        Passer la publicit\u00e9<br \/>\n    <\/a><\/p>\n<p class=\"fig-paragraph\">La pr\u00e9fecture du Rh\u00f4ne, consult\u00e9e en d\u00e9but d\u2019ann\u00e9e, ne s\u2019\u00e9tait pas prononc\u00e9e sur le fond du projet, mais avait \u00e9mis des r\u00e9serves sur la s\u00e9curit\u00e9, notamment concernant les risques de d\u00e9gradations et la gestion des manifestations fr\u00e9quentes sur la place Bellecour.<\/p>\n<p>Une pluie de critique depuis son annonce<\/p>\n<p class=\"fig-paragraph\">Le projet Tissage urbain a suscit\u00e9 de nombreuses critiques, notamment envers Gr\u00e9gory Doucet, le maire de Lyon. D\u2019abord, parce que celui-ci avait promis de v\u00e9g\u00e9taliser la place suite \u00e0 une demande des Lyonnais lors du premier budget participatif. Pourtant aucun arbre \u00e0 l\u2019horizon lors de l\u2019annonce du projet mais une large structure en bois. Ensuite pour son co\u00fbt\u00a0: 1,6 million d\u2019euros. Un prix jug\u00e9 trop important par rapport au r\u00e9sultat final \u00abEn r\u00e9alit\u00e9, 1,6 million, est un chiffre paradoxal. C\u2019est peu pour modifier\u00a0<a href=\"http:\/\/www.lefigaro.fr\/bordeaux\/a-bordeaux-la-place-des-quinconces-est-elle-vraiment-la-plus-grande-place-d-europe-20250712\" data-fig-type=\"NewsFlash\" data-gtm-custom-categorie=\"navigation\" data-gtm-custom-action=\"crossclick\" data-gtm-custom-label=\"Contextuel\" data-gtm-event=\"customEventSPE\" data-fig-domain=\"LEFIGARO\" target=\"_blank\" rel=\"noopener\">la plus grande place pi\u00e9tonne d\u2019Europe<\/a> , avec toutes ses contraintes. Mais c\u2019est \u00e9norme pour un projet provisoire qui ne r\u00e9pond pas aux annonces initiales\u00bb, jugeait Nathalie Perrin-Gilbert, ancienne adjointe de Gr\u00e9gory Doucet en d\u00e9but d\u2019ann\u00e9e.<\/p>\n<p class=\"fig-paragraph\">Depuis leur installation, les ombri\u00e8res n\u2019ont pas r\u00e9ussi \u00e0 faire l\u2019unanimit\u00e9. En pleine canicule, la temp\u00e9rature mesur\u00e9e sous la structure ne diff\u00e9rait gu\u00e8re du reste de la place. Beaucoup interrogent aussi leur valeur esth\u00e9tique.<\/p>\n<p class=\"fig-paragraph\">Sous les tentures un jour de beau temps en ce d\u00e9but de mois de juillet, les badauds rencontr\u00e9s \u00e9taient partag\u00e9s. Christine, en pleine pause cigarette trouve le projet \u00abpas trop mal\u00bb \u00e0 l\u2019endroit des brumisateurs mais \u00abl\u2019ensemble pas terrible\u00bb. Mathias et Meryl originaires de Clermont-Ferrand sont eux venus passer quelques jours \u00e0 Lyon. Loin des pol\u00e9miques locales, ils trouvent le projet \u00abtr\u00e8s bien\u00bb mais doutent \u00abqu\u2019il r\u00e9siste au temps\u00bb. \u00abBon apr\u00e8s 1,6 million d\u2019euros je ne sais pas si \u00e7a les vaut\u00bb, temp\u00e8re Meryl. \u00abJ\u2019aurais plus vu des arbres, c\u2019est un peu bof, bof\u00bb, d\u00e9plore de son c\u00f4t\u00e9 Jacqueline, venue \u00e0 Lyon avec ses deux petites filles Manon et Anna. \u00abUn grand drap aurait \u00e9t\u00e9 mieux parce que l\u00e0, \u00e7a ne fait pas beaucoup d\u2019ombre\u00bb, juge la plus jeune des deux filles. Cl\u00e9ment lui est plus positif \u00abFranchement je trouve \u00e7a sympa. Ce n\u2019est pas parfait mais \u00e7a change la place qui \u00e9tait tr\u00e8s vide jusqu\u2019ici\u00bb.<\/p>\n","protected":false},"excerpt":{"rendered":"Une ou plusieurs personnes ont enlev\u00e9 des boulons de l\u2019\u0153uvre Tissage urbain, inaugur\u00e9e officiellement la semaine pass\u00e9e sur&hellip;\n","protected":false},"author":2,"featured_media":263412,"comment_status":"","ping_status":"","sticky":false,"template":"","format":"standard","meta":{"footnotes":""},"categories":[1889],"tags":[1111,11,2430,2339,1777,674,1011,27,2428,12,25,11942],"class_list":{"0":"post-263411","1":"post","2":"type-post","3":"status-publish","4":"format-standard","5":"has-post-thumbnail","7":"category-lyon","8":"tag-actu","9":"tag-actualites","10":"tag-auvergne-rhone-alpes","11":"tag-ecologistes","12":"tag-eu","13":"tag-europe","14":"tag-fr","15":"tag-france","16":"tag-lyon","17":"tag-news","18":"tag-republique-francaise","19":"tag-vandalisme"},"share_on_mastodon":{"url":"https:\/\/pubeurope.com\/@fr\/114891455405151645","error":""},"_links":{"self":[{"href":"https:\/\/www.europesays.com\/fr\/wp-json\/wp\/v2\/posts\/263411","targetHints":{"allow":["GET"]}}],"collection":[{"href":"https:\/\/www.europesays.com\/fr\/wp-json\/wp\/v2\/posts"}],"about":[{"href":"https:\/\/www.europesays.com\/fr\/wp-json\/wp\/v2\/types\/post"}],"author":[{"embeddable":true,"href":"https:\/\/www.europesays.com\/fr\/wp-json\/wp\/v2\/users\/2"}],"replies":[{"embeddable":true,"href":"https:\/\/www.europesays.com\/fr\/wp-json\/wp\/v2\/comments?post=263411"}],"version-history":[{"count":0,"href":"https:\/\/www.europesays.com\/fr\/wp-json\/wp\/v2\/posts\/263411\/revisions"}],"wp:featuredmedia":[{"embeddable":true,"href":"https:\/\/www.europesays.com\/fr\/wp-json\/wp\/v2\/media\/263412"}],"wp:attachment":[{"href":"https:\/\/www.europesays.com\/fr\/wp-json\/wp\/v2\/media?parent=263411"}],"wp:term":[{"taxonomy":"category","embeddable":true,"href":"https:\/\/www.europesays.com\/fr\/wp-json\/wp\/v2\/categories?post=263411"},{"taxonomy":"post_tag","embeddable":true,"href":"https:\/\/www.europesays.com\/fr\/wp-json\/wp\/v2\/tags?post=263411"}],"curies":[{"name":"wp","href":"https:\/\/api.w.org\/{rel}","templated":true}]}}