{"id":263415,"date":"2025-07-21T13:28:08","date_gmt":"2025-07-21T13:28:08","guid":{"rendered":"https:\/\/www.europesays.com\/fr\/263415\/"},"modified":"2025-07-21T13:28:08","modified_gmt":"2025-07-21T13:28:08","slug":"des-bouchons-largement-au-dessus-de-la-moyenne","status":"publish","type":"post","link":"https:\/\/www.europesays.com\/fr\/263415\/","title":{"rendered":"des bouchons largement au-dessus de la moyenne"},"content":{"rendered":"<p>            Par<br \/>\n        <strong><br \/>\n            <a href=\"https:\/\/actu.fr\/auteur\/redaction-paris\" title=\"Consulter tous les articles de R\u00e9daction Paris\" rel=\"nofollow noopener\" target=\"_blank\">R\u00e9daction Paris<\/a><br \/>\n        <\/strong><\/p>\n<p>        Publi\u00e9 le<\/p>\n<p>            21 juil. 2025 \u00e0 14h56        <\/p>\n<p>La pluie et plusieurs fermetures de route compliquent la <a href=\"https:\/\/actu.fr\/tag\/circulation\" rel=\"nofollow noopener\" target=\"_blank\">circulation<\/a> sur les routes de Paris et d\u2019\u00cele-de-France ce lundi 21\u00a0juillet 2025. Les <strong>automobilistes<\/strong> vont devoir prendre leur mal en patience.<\/p>\n<p>Pluie et routes ferm\u00e9es<\/p>\n<p class=\" wall-content\">Selon <a href=\"https:\/\/www.sytadin.fr\/\" rel=\"nofollow noopener\" target=\"_blank\">Sytadin.fr<\/a>, les embouteillages atteignent <strong>175 kilom\u00e8tres<\/strong> \u00e0 14h30, un nombre bien au-dessus de la moyenne pour un lundi en plein mois de juillet. Plusieurs raisons peuvent expliquer cela\u2009: premi\u00e8rement la pluie qui s\u2019abat depuis le d\u00e9but de la journ\u00e9e et qui contraint les v\u00e9hicules \u00e0 ralentir leur vitesse.<\/p>\n<p class=\" wall-content\">Deuxi\u00e8me raison, la fermeture des axes suivants\u2009:<\/p>\n<p class=\" wall-content\">\u2013 Fermeture 24h\/24 de la N315 entre Clichy (D7) et Gennevilliers (A15) du 21\/07 au 01\/08<\/p>\n<p class=\" wall-content\">\u2013 Circulation \u00e0 1 voie sur l\u2019A6a vers Paris et fermeture de la bretelle A6b vers A6a jusqu\u2019au 14\/08 24h\/24<\/p>\n<p>Vid\u00e9os : en ce moment sur Actu<\/p>\n<p class=\" wall-content\">\u2013 Circulation \u00e0 1 voie sur l\u2019A6b (Tunnel d\u2019Italie) vers la province jusqu\u2019au 04\/09\/25<\/p>\n<p class=\" wall-content\">\u2013 Fermeture de l\u2019A6 24h\/24 vers la province, entre Wissous et \u00c9vry-Lisses, du 21\/07 au 01\/08<\/p>\n<p class=\" wall-content\">Suivez toute l\u2019actualit\u00e9 de vos villes et m\u00e9dias favoris en vous inscrivant \u00e0 <a href=\"https:\/\/moncompte.actu.fr\" title=\"D\u00e9couvez Mon Actu\" rel=\"nofollow noopener\" data-trk=\"{&quot;cta&quot;:{&quot;action&quot;:&quot;https:\\\/\\\/moncompte.actu.fr&quot;,&quot;category&quot;:&quot;mon compte&quot;,&quot;from&quot;:&quot;article footer&quot;,&quot;name&quot;:&quot;Mon actu&quot;,&quot;type&quot;:&quot;cta&quot;}}\" target=\"_blank\">Mon Actu<\/a>.<\/p>\n","protected":false},"excerpt":{"rendered":"Par R\u00e9daction Paris Publi\u00e9 le 21 juil. 2025 \u00e0 14h56 La pluie et plusieurs fermetures de route compliquent&hellip;\n","protected":false},"author":2,"featured_media":263416,"comment_status":"","ping_status":"","sticky":false,"template":"","format":"standard","meta":{"footnotes":""},"categories":[1592],"tags":[1111,11,3542,1777,674,1011,27,662,12,626,25,104,2803],"class_list":{"0":"post-263415","1":"post","2":"type-post","3":"status-publish","4":"format-standard","5":"has-post-thumbnail","7":"category-ile-de-france","8":"tag-actu","9":"tag-actualites","10":"tag-circulation","11":"tag-eu","12":"tag-europe","13":"tag-fr","14":"tag-france","15":"tag-ile-de-france","16":"tag-news","17":"tag-paris","18":"tag-republique-francaise","19":"tag-societe","20":"tag-transport"},"share_on_mastodon":{"url":"https:\/\/pubeurope.com\/@fr\/114891463287001852","error":""},"_links":{"self":[{"href":"https:\/\/www.europesays.com\/fr\/wp-json\/wp\/v2\/posts\/263415","targetHints":{"allow":["GET"]}}],"collection":[{"href":"https:\/\/www.europesays.com\/fr\/wp-json\/wp\/v2\/posts"}],"about":[{"href":"https:\/\/www.europesays.com\/fr\/wp-json\/wp\/v2\/types\/post"}],"author":[{"embeddable":true,"href":"https:\/\/www.europesays.com\/fr\/wp-json\/wp\/v2\/users\/2"}],"replies":[{"embeddable":true,"href":"https:\/\/www.europesays.com\/fr\/wp-json\/wp\/v2\/comments?post=263415"}],"version-history":[{"count":0,"href":"https:\/\/www.europesays.com\/fr\/wp-json\/wp\/v2\/posts\/263415\/revisions"}],"wp:featuredmedia":[{"embeddable":true,"href":"https:\/\/www.europesays.com\/fr\/wp-json\/wp\/v2\/media\/263416"}],"wp:attachment":[{"href":"https:\/\/www.europesays.com\/fr\/wp-json\/wp\/v2\/media?parent=263415"}],"wp:term":[{"taxonomy":"category","embeddable":true,"href":"https:\/\/www.europesays.com\/fr\/wp-json\/wp\/v2\/categories?post=263415"},{"taxonomy":"post_tag","embeddable":true,"href":"https:\/\/www.europesays.com\/fr\/wp-json\/wp\/v2\/tags?post=263415"}],"curies":[{"name":"wp","href":"https:\/\/api.w.org\/{rel}","templated":true}]}}