{"id":263417,"date":"2025-07-21T13:29:10","date_gmt":"2025-07-21T13:29:10","guid":{"rendered":"https:\/\/www.europesays.com\/fr\/263417\/"},"modified":"2025-07-21T13:29:10","modified_gmt":"2025-07-21T13:29:10","slug":"ete-en-ile-de-france-les-fortes-chaleurs-invitent-a-la-baignade-en-marne-autorisee-ou-pas","status":"publish","type":"post","link":"https:\/\/www.europesays.com\/fr\/263417\/","title":{"rendered":"Et\u00e9 en Ile-de-France\u00a0: les fortes chaleurs invitent \u00e0 la baignade en Marne, autoris\u00e9e ou pas"},"content":{"rendered":"\n<p>Vendredi 4 juillet, 28 degr\u00e9s au thermom\u00e8tre. Pr\u00e8s du port de plaisance de Neuilly-sur-Marne, quelques promeneurs fl\u00e2nent \u00e0 l\u2019ombre, tandis que deux femmes trempent leurs jambes dans l\u2019eau, juste sous un panneau \u201cbaignade interdite\u201d. Le 15 juin, un adolescent de 14 ans s\u2019est noy\u00e9 ici-m\u00eame apr\u00e8s avoir saut\u00e9 depuis un ponton. Il ne savait pas nager.<\/p>\n<p>Entre le 1er juin et le 2 juillet, plus de 400 noyades ont \u00e9t\u00e9 recens\u00e9es en France, dont 109 mortelles, d\u2019apr\u00e8s Sant\u00e9 publique France. Les jeunes sont particuli\u00e8rement concern\u00e9s: 19 mineurs sont morts noy\u00e9s en un mois, un chiffre en nette hausse par rapport \u00e0 la m\u00eame p\u00e9riode de 2024. La majorit\u00e9 des accidents ont lieu dans des zones non surveill\u00e9es, souvent interdites \u00e0 la baignade.<\/p>\n<p>\u201cCe sont surtout des jeunes qui ont envie de se lancer des d\u00e9fis\u201c, observe Fr\u00e9d\u00e9rique, 47 ans, habitante de Neuilly-sur-Marne. Comme d\u2019autres, elle voit r\u00e9guli\u00e8rement des adolescents sauter dans le fleuve, malgr\u00e9 les interdictions.<\/p>\n<p>Le secteur de l\u2019\u00e9cluse est particuli\u00e8rement dangereux, en raison du courant, d\u2019objets immerg\u00e9s et de fonds soudainement profonds. \u201cM\u00eame quand on a pied, un m\u00e8tre plus loin, c\u2019est trois m\u00e8tres de fond\u201d, pr\u00e9vient Zartoshte Bakhtiari, maire sans \u00e9tiquette de Neuilly-sur-Marne.<\/p>\n<p>\u201cC\u2019est un petit spot accessible, pas loin du centre-ville, mais dangereux\u201d, confirme F\u00e9riel Ben Ali, 19 ans, employ\u00e9e saisonni\u00e8re \u00e0 la location de bateaux du port.<\/p>\n<p>Une piscine naturelle surveill\u00e9e doit ouvrir pr\u00e8s du port de plaisance de la ville \u00e0 l\u2019\u00e9t\u00e9 2026. En attendant, la police municipale passe \u201ctr\u00e8s r\u00e9guli\u00e8rement\u201d, assure le maire.<\/p>\n<p>Surveillance au drone<\/p>\n<p>La brigade fluviale de la pr\u00e9fecture de police, elle, patrouille quotidiennement. Vendredi, une op\u00e9ration de s\u00e9curisation a \u00e9t\u00e9 d\u00e9clench\u00e9e \u00e0 l\u2019aide de drones et de bateaux.<\/p>\n<p>\u201cOn a rep\u00e9r\u00e9 des baigneurs avec l\u2019image drone\u201d, explique le lieutenant Ronan \u00e0 la brigade fluviale de la police de Paris, tablette de contr\u00f4le en main dans le bateau de patrouille.<\/p>\n<p>Depuis 2023, les drones sont devenus des outils r\u00e9guliers pour les interventions fluviales. \u201c\u00c7a nous permet de ratisser une zone qui est beaucoup plus large de fa\u00e7on discr\u00e8te\u201d, explique l\u2019adjoint Ronan.<\/p>\n<p>Depuis le d\u00e9but du mois de juin, \u201cplusieurs dizaines\u201d de verbalisations ont \u00e9t\u00e9 dress\u00e9es pour baignade non-autoris\u00e9e. \u201cOn constate avec les canicules une grande augmentation au niveau de l\u2019affluence sur les bords de Marne ou de Seine\u201d, t\u00e9moigne l\u2019agent, identifiant \u201cune population assez jeune qui se baigne\u201d.<\/p>\n<p>Voies navigables de France, avec sa campagne de pr\u00e9vention #CoulePasTon\u00c9t\u00e9 ciblant les jeunes, rappelle que se baigner pr\u00e8s des \u00e9cluses ou dans le sillage des bateaux reste extr\u00eamement risqu\u00e9. Les t\u00e9moignages recueillis par l\u2019AFP montrent que les interdictions sont parfois connues, mais ignor\u00e9es.<\/p>\n<p>\u201cOn savait qu\u2019on n\u2019avait pas le droit. On est l\u00e0 parce qu\u2019\u00e0 la piscine, on ne peut pas y aller, on a moins de 15 ans\u201d, admet Daphn\u00e9, 14 ans, en train de se baigner dans la Marne pr\u00e8s d\u2019un pont \u00e0 Chelles (Seine-et-Marne).<\/p>\n<p>En parall\u00e8le des campagnes de pr\u00e9vention, plusieurs collectivit\u00e9s, comme Paris, misent sur le d\u00e9veloppement de sites autoris\u00e9s.<\/p>\n<p>Cet \u00e9t\u00e9, 27 sites de baignade surveill\u00e9s sont recens\u00e9s en \u00cele-de-France, dont trois dans la Seine. A Neuilly-sur-Marne, le maire esp\u00e8re que l\u2019ouverture d\u2019une zone de baignade limite les comportements \u00e0 risque.<\/p>\n<p>\u201cLa ville doit se pr\u00e9parer \u00e0 des \u00e9pisodes de fortes chaleurs\u201d, souligne Zartoshte Bakhtiari. \u201cQuand il fait tr\u00e8s chaud, vous avez aussi l\u00e9gitimement envie de vous plonger dans cette rivi\u00e8re qui passe juste sous vos fen\u00eatres.\u201d<\/p>\n<p>Lire aussi :<\/p>\n<\/p><\/p>\n","protected":false},"excerpt":{"rendered":"Vendredi 4 juillet, 28 degr\u00e9s au thermom\u00e8tre. Pr\u00e8s du port de plaisance de Neuilly-sur-Marne, quelques promeneurs fl\u00e2nent \u00e0&hellip;\n","protected":false},"author":2,"featured_media":263418,"comment_status":"","ping_status":"","sticky":false,"template":"","format":"standard","meta":{"footnotes":""},"categories":[1592],"tags":[1111,11,3959,21655,1777,674,1011,27,662,30581,12,626,5922,40288,6543,25,71,1937,40289],"class_list":{"0":"post-263417","1":"post","2":"type-post","3":"status-publish","4":"format-standard","5":"has-post-thumbnail","7":"category-ile-de-france","8":"tag-actu","9":"tag-actualites","10":"tag-adolescents","11":"tag-bords-de-marne","12":"tag-eu","13":"tag-europe","14":"tag-fr","15":"tag-france","16":"tag-ile-de-france","17":"tag-neuilly-sur-marne","18":"tag-news","19":"tag-paris","20":"tag-piscine","21":"tag-police-municipal","22":"tag-prevention","23":"tag-republique-francaise","24":"tag-sante","25":"tag-seine-et-marne","26":"tag-zartoshte-bakhtiari"},"share_on_mastodon":{"url":"https:\/\/pubeurope.com\/@fr\/114891467299060342","error":""},"_links":{"self":[{"href":"https:\/\/www.europesays.com\/fr\/wp-json\/wp\/v2\/posts\/263417","targetHints":{"allow":["GET"]}}],"collection":[{"href":"https:\/\/www.europesays.com\/fr\/wp-json\/wp\/v2\/posts"}],"about":[{"href":"https:\/\/www.europesays.com\/fr\/wp-json\/wp\/v2\/types\/post"}],"author":[{"embeddable":true,"href":"https:\/\/www.europesays.com\/fr\/wp-json\/wp\/v2\/users\/2"}],"replies":[{"embeddable":true,"href":"https:\/\/www.europesays.com\/fr\/wp-json\/wp\/v2\/comments?post=263417"}],"version-history":[{"count":0,"href":"https:\/\/www.europesays.com\/fr\/wp-json\/wp\/v2\/posts\/263417\/revisions"}],"wp:featuredmedia":[{"embeddable":true,"href":"https:\/\/www.europesays.com\/fr\/wp-json\/wp\/v2\/media\/263418"}],"wp:attachment":[{"href":"https:\/\/www.europesays.com\/fr\/wp-json\/wp\/v2\/media?parent=263417"}],"wp:term":[{"taxonomy":"category","embeddable":true,"href":"https:\/\/www.europesays.com\/fr\/wp-json\/wp\/v2\/categories?post=263417"},{"taxonomy":"post_tag","embeddable":true,"href":"https:\/\/www.europesays.com\/fr\/wp-json\/wp\/v2\/tags?post=263417"}],"curies":[{"name":"wp","href":"https:\/\/api.w.org\/{rel}","templated":true}]}}