{"id":26342,"date":"2025-04-15T10:51:10","date_gmt":"2025-04-15T10:51:10","guid":{"rendered":"https:\/\/www.europesays.com\/fr\/26342\/"},"modified":"2025-04-15T10:51:10","modified_gmt":"2025-04-15T10:51:10","slug":"jachetais-leurs-chemises-a-paris-agnes-le-henaff-revele-un-peu-le-secret-du-vetement-iconique-des-freres-morvan","status":"publish","type":"post","link":"https:\/\/www.europesays.com\/fr\/26342\/","title":{"rendered":"\u00ab\u00a0J\u2019achetais leurs chemises \u00e0 Paris\u00a0\u00bb\u00a0: Agn\u00e8s Le H\u00e9naff r\u00e9v\u00e8le (un peu) le secret du v\u00eatement iconique des fr\u00e8res Morvan"},"content":{"rendered":"<p>Sur sc\u00e8ne, les fr\u00e8res Morvan ne se s\u00e9paraient jamais de leur casquette en feutre noire et, surtout, de ces chemises \u00e0 carreaux assorties devenues aussi l\u00e9gendaires qu\u2019eux. Mais d\u2019o\u00f9 et de quelles boutiques venaient-elles, ces chemises\u00a0? \u00ab\u00a0Alors \u00e7a, c\u2019est mon petit secret, vous ne le saurez\u00a0pas \u00bb, r\u00e9pond Agn\u00e8s Le H\u00e9naff, belle-s\u0153ur d\u2019Henri Morvan, <a href=\"https:\/\/www.letelegramme.fr\/bretagne\/musique-bretonne-henri-morvan-le-dernier-des-freres-morvan-est-mort-6797497.php\" target=\"_blank\" rel=\"noopener\">d\u00e9c\u00e9d\u00e9 ce samedi 12 avril<\/a>. Elle jouait aussi le r\u00f4le d\u2019impresario du groupe. Et donc de styliste. \u00ab\u00a0Je peux seulement vous dire que je les achetais \u00e0 Paris, dans des petites boutiques. J\u2019en ai trouv\u00e9 quelques-unes par ici mais il n\u2019y avait pas assez de choix.\u00a0\u00bb<\/p>\n<p>Une trentaine de chemises chacun<\/p>\n<p>Et m\u00eame dans la capitale, o\u00f9 les fr\u00e8res Morvan n\u2019ont jamais mis les pieds, sa recherche \u00e9tait une vraie mission. \u00ab\u00a0Je leur prenais chacun la m\u00eame couleur, c\u2019\u00e9tait beaucoup plus simple\u00a0! Parce que ce n\u2019\u00e9tait pas facile de trouver les trois m\u00eames, avec toujours le m\u00eame col, la m\u00eame chute de poche, en trois tailles diff\u00e9rentes. J\u2019en ai pass\u00e9 du temps.\u00a0\u00bb Autre particularit\u00e9\u00a0: \u00ab\u00a0Chaque chemise \u00e9tait pr\u00e9cis\u00e9ment port\u00e9e pour tel fest-noz ou tel festival. Donc, aujourd\u2019hui, quand je regarde une photo de concert, je sais deviner l\u2019endroit o\u00f9 elle a \u00e9t\u00e9 prise\u00a0\u00bb. Et qu\u2019en pensaient-ils, eux, de ce v\u00eatement\u00a0? \u00ab\u00a0Ils en \u00e9taient contents, ils ne disaient rien et me laissaient faire. Ils en avaient une trentaine chacun.\u00a0\u00bb<\/p>\n","protected":false},"excerpt":{"rendered":"Sur sc\u00e8ne, les fr\u00e8res Morvan ne se s\u00e9paraient jamais de leur casquette en feutre noire et, surtout, de&hellip;\n","protected":false},"author":2,"featured_media":26343,"comment_status":"","ping_status":"","sticky":false,"template":"","format":"standard","meta":{"footnotes":""},"categories":[8],"tags":[829,2171,9383,58,59,1011,27,4044,8508],"class_list":{"0":"post-26342","1":"post","2":"type-post","3":"status-publish","4":"format-standard","5":"has-post-thumbnail","7":"category-divertissement","8":"tag-bretagne","9":"tag-cotes-darmor","10":"tag-culture-bretonne","11":"tag-divertissement","12":"tag-entertainment","13":"tag-fr","14":"tag-france","15":"tag-guingamp","16":"tag-saint-nicodeme"},"share_on_mastodon":{"url":"https:\/\/pubeurope.com\/@fr\/114341601839486018","error":""},"_links":{"self":[{"href":"https:\/\/www.europesays.com\/fr\/wp-json\/wp\/v2\/posts\/26342","targetHints":{"allow":["GET"]}}],"collection":[{"href":"https:\/\/www.europesays.com\/fr\/wp-json\/wp\/v2\/posts"}],"about":[{"href":"https:\/\/www.europesays.com\/fr\/wp-json\/wp\/v2\/types\/post"}],"author":[{"embeddable":true,"href":"https:\/\/www.europesays.com\/fr\/wp-json\/wp\/v2\/users\/2"}],"replies":[{"embeddable":true,"href":"https:\/\/www.europesays.com\/fr\/wp-json\/wp\/v2\/comments?post=26342"}],"version-history":[{"count":0,"href":"https:\/\/www.europesays.com\/fr\/wp-json\/wp\/v2\/posts\/26342\/revisions"}],"wp:featuredmedia":[{"embeddable":true,"href":"https:\/\/www.europesays.com\/fr\/wp-json\/wp\/v2\/media\/26343"}],"wp:attachment":[{"href":"https:\/\/www.europesays.com\/fr\/wp-json\/wp\/v2\/media?parent=26342"}],"wp:term":[{"taxonomy":"category","embeddable":true,"href":"https:\/\/www.europesays.com\/fr\/wp-json\/wp\/v2\/categories?post=26342"},{"taxonomy":"post_tag","embeddable":true,"href":"https:\/\/www.europesays.com\/fr\/wp-json\/wp\/v2\/tags?post=26342"}],"curies":[{"name":"wp","href":"https:\/\/api.w.org\/{rel}","templated":true}]}}