{"id":263423,"date":"2025-07-21T13:32:13","date_gmt":"2025-07-21T13:32:13","guid":{"rendered":"https:\/\/www.europesays.com\/fr\/263423\/"},"modified":"2025-07-21T13:32:13","modified_gmt":"2025-07-21T13:32:13","slug":"les-nouveaux-restaurants-a-tester-ce-mois-de-juillet-a-paris","status":"publish","type":"post","link":"https:\/\/www.europesays.com\/fr\/263423\/","title":{"rendered":"Les nouveaux restaurants \u00e0 tester ce mois de juillet \u00e0 Paris"},"content":{"rendered":"<p><a href=\"https:\/\/www.vogue.fr\/lifestyle\/actu-food\" target=\"_blank\" rel=\"noopener\">La sc\u00e8ne food<\/a> parisienne continue toujours plus son extension avec un floril\u00e8ge de <a href=\"https:\/\/www.vogue.fr\/dossier\/restaurant-paris\" target=\"_blank\" rel=\"noopener\">nouveaux restaurants<\/a> \u00e0 d\u00e9couvrir cette saison \u00e0 Paris.<\/p>\n<p><strong>Corail<\/strong><\/p>\n<p>Confortablement install\u00e9 au pied du <strong>Mus\u00e9e d\u2019Art Moderne<\/strong>, face \u00e0 la Seine et la Tour Eiffel, <strong>Corail<\/strong>, est le dernier projet culinaire du <strong>MOMA Group<\/strong> (\u00e0 qui l&rsquo;on doit notamment <strong>Lafayettes<\/strong>, <strong>Lap\u00e9rouse<\/strong> ou encore <strong>Mimosa<\/strong>). Inspir\u00e9 par le d\u00e9cor solaire des beach clubs de la Riviera, c&rsquo;est <strong>La Casano<\/strong>, la marque de d\u00e9coration d&rsquo;int\u00e9rieur fond\u00e9e par <strong>Ingrid No\u00ebl<\/strong>, qui a habill\u00e9 le lieu de tissus, motifs et de passementeries venus d&rsquo;Inde et de territoires ottomans. C\u00e9l\u00e9brant la M\u00e9diterran\u00e9e, le menu m\u00eale crudos, salace ni\u00e7oise, poisson grill\u00e9 et autres linguine au homard.<br \/><a data-offer-url=\"https:\/\/corail-restaurant-paris.com\/\" class=\"external-link\" data-event-click=\"{&quot;element&quot;:&quot;ExternalLink&quot;,&quot;outgoingURL&quot;:&quot;https:\/\/corail-restaurant-paris.com\/&quot;}\" href=\"https:\/\/corail-restaurant-paris.com\/\" rel=\"nofollow noopener\" target=\"_blank\">A d\u00e9couvrir ici<\/a><\/p>\n<p>Corail \u00e0 ParisAdrien Ozouf<\/p>\n<p><strong>TYCOZ<\/strong><\/p>\n<p>Men\u00e9 par <strong>Albane<\/strong> et <strong>Baptiste Lamotte<\/strong>, une soeur et un fr\u00e8re originaires des C\u00f4tes-d&rsquo;Armor, <strong>TYCOZ<\/strong> vient d&rsquo;\u00e9lire domicile au beau milieu du Marais. Attabl\u00e9s dans le restaurant, au d\u00e9cor minimaliste ou sur une terrasse paisible, bordant le square L\u00e9opold-Achille, les visiteurs s&rsquo;y d\u00e9lectent d&rsquo;un menu typiquement breton. En pr\u00e9ambule, les hu\u00eetres fra\u00eeches viennent de Cancale ou de Carnac, et s&rsquo;accompagnent d&rsquo;une galette au sarrasin servie avec du beurre Bordier aux algues. Sous toutes les formes, les galettes peuvent \u00e9galement se commander garnies d&rsquo;oeufs, de jambon blanc, de saucisse grill\u00e9e artisanale, andouille de Gu\u00e9men\u00e9\u2026 Tandis que les cr\u00eames sucr\u00e9s misent sur des associations r\u00e9confortantes (pommes chaudes-caramel beurre sal\u00e9, banane-chocolat en autres).<br \/><a data-offer-url=\"https:\/\/www.instagram.com\/tycoz_paris\/?hl=en\" class=\"external-link\" data-event-click=\"{&quot;element&quot;:&quot;ExternalLink&quot;,&quot;outgoingURL&quot;:&quot;https:\/\/www.instagram.com\/tycoz_paris\/?hl=en&quot;}\" href=\"https:\/\/www.instagram.com\/tycoz_paris\/?hl=en\" rel=\"nofollow noopener\" target=\"_blank\">A d\u00e9couvrir ici<\/a><\/p>\n<p>TYCOZ \u00e0 ParisL\u00e9o Kharfan<\/p>\n<p>TYCOZ \u00e0 ParisL\u00e9o Kharfan<\/p>\n<p><strong>Kimono<\/strong><\/p>\n<p>Pilot\u00e9 par le groupe <strong>Dining Rooms<\/strong> (d\u00e9j\u00e0 aux commandes de <strong>Blueberry<\/strong> et du <strong>Steam Bar<\/strong>), <strong>Kimono<\/strong> est ce nouveau bistrot japonais qui vient d&rsquo;ouvrir ses porte sur la Rive gauche. Situ\u00e9 rue du Cherche-midi, le lieu a \u00e9t\u00e9 d\u00e9cor\u00e9 par <strong>Gabriel Pistre<\/strong>, dans un esprit parisien chaleureux avec ses poutres apparentes, ses chaises en cannage et ses banquettes en cuir rouge. Con\u00e7u par le chef <strong>Masahiro Moriya<\/strong> et ex\u00e9cut\u00e9 par la cheffe <strong>Flora Mikula<\/strong>, le menu s&rsquo;inspire des izakayas typiques de Tokyo, twist\u00e9s d&rsquo;influences fran\u00e7aises et d&rsquo;ailleurs. En r\u00e9sulte des petites assiettes \u00e0 partager: galette japonaise au porc brais\u00e9, salade de concombre et scamorza, comt\u00e9 accompagn\u00e9 de yuzu, gyozas\u2026 Mais aussi des nouilles soba d\u00e9clin\u00e9es en version chaudes ou froides, des bentos et une myriade de desserts franco-nippons (dont un mille-cr\u00eapes).<br \/><a data-offer-url=\"https:\/\/www.kimono-paris.com\/\" class=\"external-link\" data-event-click=\"{&quot;element&quot;:&quot;ExternalLink&quot;,&quot;outgoingURL&quot;:&quot;https:\/\/www.kimono-paris.com\/&quot;}\" href=\"https:\/\/www.kimono-paris.com\/\" rel=\"nofollow noopener\" target=\"_blank\">A d\u00e9couvrir ici<\/a><\/p>\n<p>Kimono \u00e0 Paris<\/p>\n<p>Kimono \u00e0 Paris<\/p>\n<p><strong>Casa Pregonda<\/strong><\/p>\n<p>Fra\u00eechement inaugur\u00e9e dans le quartier de Montorgueil, <strong>Casa Pregonda<\/strong> recr\u00e9e, en plein Paris, l&rsquo;ambiance chaleureuse des bodegas typiques de l&rsquo;\u00eele de Minorque. Derri\u00e8re une devanture verte, le lieu mise sur une d\u00e9coration solaire faite de carrelage vintage, de mobilier en bois et de murs habill\u00e9s d&rsquo;azulejos. Ex\u00e9cut\u00e9e par <strong>Alexandre Giesbert<\/strong>, le menu c\u00e9l\u00e8bre une cuisine espagnole estivale de bon ton (et qui se partage) : gildas salines, croquetas fourr\u00e9es au fromage et au jambon, cecina de Le\u00f3ntaill\u00e9e, pan con tomate, tortillas \u00e0 la Txistorra, arroz \u00e0 l\u2019encre de seiche, cr\u00e8me catalane\u2026 Sans oublier la carte des vins qui fourmille de p\u00e9pites et un cocktail citronn\u00e9 signature, La Pomada, r\u00e9alis\u00e9e \u00e0 base de gin de Mah\u00f3n, \u00e0 ne pas manquer.<br \/><a data-offer-url=\"https:\/\/www.casapregonda.com\/\" class=\"external-link\" data-event-click=\"{&quot;element&quot;:&quot;ExternalLink&quot;,&quot;outgoingURL&quot;:&quot;https:\/\/www.casapregonda.com\/&quot;}\" href=\"https:\/\/www.casapregonda.com\/\" rel=\"nofollow noopener\" target=\"_blank\">A d\u00e9couvrir ici<\/a><\/p>\n<p><script async src=\"\/\/www.instagram.com\/embed.js\"><\/script><\/p>\n","protected":false},"excerpt":{"rendered":"La sc\u00e8ne food parisienne continue toujours plus son extension avec un floril\u00e8ge de nouveaux restaurants \u00e0 d\u00e9couvrir cette&hellip;\n","protected":false},"author":2,"featured_media":263424,"comment_status":"","ping_status":"","sticky":false,"template":"","format":"standard","meta":{"footnotes":""},"categories":[1888],"tags":[11,1777,674,1011,27,12,626,25,31817,2923],"class_list":{"0":"post-263423","1":"post","2":"type-post","3":"status-publish","4":"format-standard","5":"has-post-thumbnail","7":"category-paris","8":"tag-actualites","9":"tag-eu","10":"tag-europe","11":"tag-fr","12":"tag-france","13":"tag-news","14":"tag-paris","15":"tag-republique-francaise","16":"tag-restaurant-paris","17":"tag-restaurants"},"share_on_mastodon":{"url":"https:\/\/pubeurope.com\/@fr\/114891479059122771","error":""},"_links":{"self":[{"href":"https:\/\/www.europesays.com\/fr\/wp-json\/wp\/v2\/posts\/263423","targetHints":{"allow":["GET"]}}],"collection":[{"href":"https:\/\/www.europesays.com\/fr\/wp-json\/wp\/v2\/posts"}],"about":[{"href":"https:\/\/www.europesays.com\/fr\/wp-json\/wp\/v2\/types\/post"}],"author":[{"embeddable":true,"href":"https:\/\/www.europesays.com\/fr\/wp-json\/wp\/v2\/users\/2"}],"replies":[{"embeddable":true,"href":"https:\/\/www.europesays.com\/fr\/wp-json\/wp\/v2\/comments?post=263423"}],"version-history":[{"count":0,"href":"https:\/\/www.europesays.com\/fr\/wp-json\/wp\/v2\/posts\/263423\/revisions"}],"wp:featuredmedia":[{"embeddable":true,"href":"https:\/\/www.europesays.com\/fr\/wp-json\/wp\/v2\/media\/263424"}],"wp:attachment":[{"href":"https:\/\/www.europesays.com\/fr\/wp-json\/wp\/v2\/media?parent=263423"}],"wp:term":[{"taxonomy":"category","embeddable":true,"href":"https:\/\/www.europesays.com\/fr\/wp-json\/wp\/v2\/categories?post=263423"},{"taxonomy":"post_tag","embeddable":true,"href":"https:\/\/www.europesays.com\/fr\/wp-json\/wp\/v2\/tags?post=263423"}],"curies":[{"name":"wp","href":"https:\/\/api.w.org\/{rel}","templated":true}]}}