{"id":263429,"date":"2025-07-21T13:35:14","date_gmt":"2025-07-21T13:35:14","guid":{"rendered":"https:\/\/www.europesays.com\/fr\/263429\/"},"modified":"2025-07-21T13:35:14","modified_gmt":"2025-07-21T13:35:14","slug":"la-france-denonce-la-violence-meurtriere-du-kremlin","status":"publish","type":"post","link":"https:\/\/www.europesays.com\/fr\/263429\/","title":{"rendered":"la France d\u00e9nonce \u00ab\u00a0la violence meurtri\u00e8re du Kremlin\u00a0\u00bb"},"content":{"rendered":"<p style=\"text-align:justify;\">AA \/ Nice \/ Fe\u00efza Ben Mohamed<\/p>\n<p style=\"text-align:justify;\">La France d\u00e9nonce \u00ab la violence meurtri\u00e8re du Kremlin \u00bb apr\u00e8s les nouvelles frappes russes, qui ont vis\u00e9 quatre districts de Kiev dans la nuit de dimanche \u00e0 lundi.<\/p>\n<p style=\"text-align:justify;\">\u00ab La nuit derni\u00e8re, des frappes russes ont vis\u00e9 quatre districts de [Kiev]. Station de m\u00e9tro, magasins, jardins d\u2019enfants, \u00e9cole maternelle, ont subi de plein fouet la violence meurtri\u00e8re du Kremlin \u00bb a d\u00e9clar\u00e9 lundi matin le ministre de l\u2019Europe et des Affaires \u00e9trang\u00e8res, Jean-No\u00ebl Barrot dans une publication sur le r\u00e9seau social X.<\/p>\n<p style=\"text-align:justify;\">Et de poursuivre: \u00ab En Europ\u00e9ens, nous continuerons d\u2019accro\u00eetre la pression sur Vladimir Poutine \u00bb.<\/p>\n<p style=\"text-align:justify;\">Cette d\u00e9claration intervient alors que le chef de la diplomatie a annonc\u00e9 plus t\u00f4t dans la journ\u00e9e, qu\u2019il se rendait \u00e0 Kiev pour participer \u00e0 la conf\u00e9rence des ambassadeurs.<\/p>\n<p style=\"text-align:justify;\">\u00ab (Je) r\u00e9affirmerai, au nom de la France, notre soutien ind\u00e9fectible \u00e0 la souverainet\u00e9, l\u2019int\u00e9grit\u00e9 territoriale et la libert\u00e9 du peuple Ukrainien \u00bb, a-t-il assur\u00e9.<\/p>\n<p style=\"text-align:justify;\">Selon \u00ab\u00a0France 24\u00a0\u00bb, les frappes men\u00e9es par Moscou dans la nuit de dimanche \u00e0 lundi ont provoqu\u00e9 la mort d\u2019une personne et fait deux bless\u00e9s.<\/p>\n<p style=\"text-align:justify;\">Ces attaques ont vis\u00e9 plusieurs quartiers et provoqu\u00e9 divers incendies au c\u0153ur de la capitale ukrainienne.<\/p>\n<p style=\"text-align:justify;\">En parall\u00e8le, la Russie s\u2019est dite favorable \u00e0 un nouveau cycle de n\u00e9gociations avec l\u2019Ukraine.<\/p>\n<p style=\"text-align:justify;\">\u00ab Nous sommes pour la tenue d&rsquo;un troisi\u00e8me cycle. D\u00e8s qu&rsquo;une date aura \u00e9t\u00e9 \u00e9tablie, nous vous en informerons \u00bb, a indiqu\u00e9 le porte-parole de la pr\u00e9sidence russe, Dmitri Peskov.<\/p>\n<p style=\"text-align:justify;\">Samedi, le pr\u00e9sident ukrainien Volodymyr Zelensky avait fait une proposition allant dans le m\u00eame sens.<\/p>\n<p style=\"text-align:justify;\">Ces nouvelles discussions sont \u00e9voqu\u00e9es alors que deux pr\u00e9c\u00e9dents cycles organis\u00e9s au printemps \u00e0 Istanbul, n\u2019ont pas permis de conclure un accord aboutissant \u00e0 un cessez-le-feu dans la guerre engag\u00e9e en f\u00e9vrier 2022 en Ukraine par la Russie.<\/p>\n<p>                            &#13;<br \/>\n                                <a href=\"https:\/\/www.aa.com.tr\/fr\/p\/abonnement\/1001\" target=\"_blank\" style=\"font-size:12px; color:#444; text-decoration:none;\" rel=\"nofollow noopener\">&#13;<br \/>\n                                    Seulement une partie des d\u00e9p\u00eaches, que l&rsquo;Agence Anadolu diffuse \u00e0 ses abonn\u00e9s via le Syst\u00e8me de Diffusion interne (HAS), est diffus\u00e9e sur le site de l&rsquo;AA, de mani\u00e8re r\u00e9sum\u00e9e. <b style=\"color:#1897F7\">Contactez-nous s&rsquo;il vous pla\u00eet pour vous abonner.<\/b>&#13;<br \/>\n                                <\/a>&#13;<\/p>\n","protected":false},"excerpt":{"rendered":"AA \/ Nice \/ Fe\u00efza Ben Mohamed La France d\u00e9nonce \u00ab la violence meurtri\u00e8re du Kremlin \u00bb apr\u00e8s&hellip;\n","protected":false},"author":2,"featured_media":263430,"comment_status":"","ping_status":"","sticky":false,"template":"","format":"standard","meta":{"footnotes":""},"categories":[1590],"tags":[11,1785,312,1777,674,27,12,220],"class_list":{"0":"post-263429","1":"post","2":"type-post","3":"status-publish","4":"format-standard","5":"has-post-thumbnail","7":"category-ukraine","8":"tag-actualites","9":"tag-anadolu-ajansi","10":"tag-diplomatie","11":"tag-eu","12":"tag-europe","13":"tag-france","14":"tag-news","15":"tag-ukraine"},"share_on_mastodon":{"url":"https:\/\/pubeurope.com\/@fr\/114891491186556812","error":""},"_links":{"self":[{"href":"https:\/\/www.europesays.com\/fr\/wp-json\/wp\/v2\/posts\/263429","targetHints":{"allow":["GET"]}}],"collection":[{"href":"https:\/\/www.europesays.com\/fr\/wp-json\/wp\/v2\/posts"}],"about":[{"href":"https:\/\/www.europesays.com\/fr\/wp-json\/wp\/v2\/types\/post"}],"author":[{"embeddable":true,"href":"https:\/\/www.europesays.com\/fr\/wp-json\/wp\/v2\/users\/2"}],"replies":[{"embeddable":true,"href":"https:\/\/www.europesays.com\/fr\/wp-json\/wp\/v2\/comments?post=263429"}],"version-history":[{"count":0,"href":"https:\/\/www.europesays.com\/fr\/wp-json\/wp\/v2\/posts\/263429\/revisions"}],"wp:featuredmedia":[{"embeddable":true,"href":"https:\/\/www.europesays.com\/fr\/wp-json\/wp\/v2\/media\/263430"}],"wp:attachment":[{"href":"https:\/\/www.europesays.com\/fr\/wp-json\/wp\/v2\/media?parent=263429"}],"wp:term":[{"taxonomy":"category","embeddable":true,"href":"https:\/\/www.europesays.com\/fr\/wp-json\/wp\/v2\/categories?post=263429"},{"taxonomy":"post_tag","embeddable":true,"href":"https:\/\/www.europesays.com\/fr\/wp-json\/wp\/v2\/tags?post=263429"}],"curies":[{"name":"wp","href":"https:\/\/api.w.org\/{rel}","templated":true}]}}