{"id":263431,"date":"2025-07-21T13:36:11","date_gmt":"2025-07-21T13:36:11","guid":{"rendered":"https:\/\/www.europesays.com\/fr\/263431\/"},"modified":"2025-07-21T13:36:11","modified_gmt":"2025-07-21T13:36:11","slug":"le-passe-sovietique-de-sergio-gor-puissant-cadre-de-la-maison-blanche","status":"publish","type":"post","link":"https:\/\/www.europesays.com\/fr\/263431\/","title":{"rendered":"Le pass\u00e9 \u201csovi\u00e9tique\u201d de Sergio Gor, puissant cadre de la Maison-Blanche"},"content":{"rendered":"\n<p>Outre-Atlantique, des m\u00e9dias n\u2019h\u00e9sitent pas \u00e0 le pr\u00e9senter <a class=\"ithalc\" data-ithal=\"lien_externe\" data-ithalc=\"[nav_article]\" target=\"_blank\" href=\"https:\/\/www.washingtonpost.com\/style\/2024\/12\/12\/sergio-gor-trump-transition-personnel-office-hiring-white-house\/\" rel=\"nofollow noopener\">comme l\u2019homme \u201cle plus puissant\u201d<\/a> dans l\u2019entourage de Donald Trump. \u00c0 38\u00a0ans, le discret directeur du bureau du personnel pr\u00e9sidentiel de la Maison-Blanche, Sergio Gor, a fait couler pas mal d\u2019encre. Certains d\u00e9signent m\u00eame celui qui est responsable de la s\u00e9lection, de l\u2019\u00e9valuation et du recrutement des postes cl\u00e9s de l\u2019administration comme \u00e9tant \u00e0 l\u2019origine de la brouille tectonique entre le pr\u00e9sident am\u00e9ricain et le milliardaire Elon Musk, qu\u2019il ne portait visiblement pas dans son c\u0153ur, rappelait d\u00e9but juin<a class=\"ithalc\" data-ithal=\"lien_externe\" data-ithalc=\"[nav_article]\" target=\"_blank\" href=\"https:\/\/www.rbc.ua\/ukr\/news\/konflikt-trampa-i-maska-axios-diznavsya-hto-1749231256.html\" rel=\"nofollow noopener\"> l\u2019\u00e9dition ukrainienne de l\u2019agence \u00e9conomique <strong>RBK<\/strong><\/a><strong>.<\/strong><\/p>\n<p>Un autre aspect de sa personnalit\u00e9 a \u00e9galement intrigu\u00e9 les journalistes, souligne <a class=\"ithalc\" data-ithal=\"lien_externe\" data-ithalc=\"[nav_article]\" target=\"_blank\" href=\"https:\/\/meduza.io\/news\/2025\/07\/08\/occrp-direktor-belogo-doma-po-personalu-serhio-gor-rodilsya-v-sssr-i-dvazhdy-ezdil-v-moskvu\" rel=\"nofollow noopener\">le journal russe en exil <strong>Meduza<\/strong><\/a>\u00a0: sa discr\u00e9tion concernant ses origines. Selon la presse am\u00e9ricaine conservatrice, il serait originaire de Malte, une version qui semblait pleinement satisfaire l\u2019int\u00e9ress\u00e9. Pour son avocat Robert Garson, Sergio Gor est un homme qui incarne \u201cle r\u00eave am\u00e9ricain\u201d. Il a fait une carri\u00e8re fulgurante dans le sillage de la famille Trump et gagn\u00e9 lui-m\u00eame beaucoup d\u2019argent, au point de s\u2019acheter une propri\u00e9t\u00e9 voisine de celle du pr\u00e9sident, \u00e0 Miami, pour un co\u00fbt estim\u00e9 \u00e0 3,2\u00a0millions de dollars (2,7\u00a0millions d\u2019euros), <a class=\"ithalc\" data-ithal=\"lien_externe\" data-ithalc=\"[nav_article]\" target=\"_blank\" href=\"https:\/\/timesofmalta.com\/article\/top-maltese-donald-trump-aide-sergio-gor-born-soviet-union.1112709\" rel=\"nofollow noopener\">pr\u00e9cise le quotidien <strong>Times of Malta<\/strong><\/a><strong>.<\/strong> Une chose<\/p>\n","protected":false},"excerpt":{"rendered":"Outre-Atlantique, des m\u00e9dias n\u2019h\u00e9sitent pas \u00e0 le pr\u00e9senter comme l\u2019homme \u201cle plus puissant\u201d dans l\u2019entourage de Donald Trump.&hellip;\n","protected":false},"author":2,"featured_media":263432,"comment_status":"","ping_status":"","sticky":false,"template":"","format":"standard","meta":{"footnotes":""},"categories":[1589],"tags":[11,3822,75,73,1866,674,12,316,132,770,1864,1865,1863,308],"class_list":{"0":"post-263431","1":"post","2":"type-post","3":"status-publish","4":"format-standard","5":"has-post-thumbnail","7":"category-etats-unis","8":"tag-actualites","9":"tag-amu00e9riques","10":"tag-donald-trump","11":"tag-etats-unis","12":"tag-etats-unis-damerique","13":"tag-europe","14":"tag-news","15":"tag-politique","16":"tag-russie","17":"tag-u00e9tats-unis","18":"tag-united-states","19":"tag-united-states-of-america","20":"tag-us","21":"tag-usa"},"share_on_mastodon":{"url":"https:\/\/pubeurope.com\/@fr\/114891494836591768","error":""},"_links":{"self":[{"href":"https:\/\/www.europesays.com\/fr\/wp-json\/wp\/v2\/posts\/263431","targetHints":{"allow":["GET"]}}],"collection":[{"href":"https:\/\/www.europesays.com\/fr\/wp-json\/wp\/v2\/posts"}],"about":[{"href":"https:\/\/www.europesays.com\/fr\/wp-json\/wp\/v2\/types\/post"}],"author":[{"embeddable":true,"href":"https:\/\/www.europesays.com\/fr\/wp-json\/wp\/v2\/users\/2"}],"replies":[{"embeddable":true,"href":"https:\/\/www.europesays.com\/fr\/wp-json\/wp\/v2\/comments?post=263431"}],"version-history":[{"count":0,"href":"https:\/\/www.europesays.com\/fr\/wp-json\/wp\/v2\/posts\/263431\/revisions"}],"wp:featuredmedia":[{"embeddable":true,"href":"https:\/\/www.europesays.com\/fr\/wp-json\/wp\/v2\/media\/263432"}],"wp:attachment":[{"href":"https:\/\/www.europesays.com\/fr\/wp-json\/wp\/v2\/media?parent=263431"}],"wp:term":[{"taxonomy":"category","embeddable":true,"href":"https:\/\/www.europesays.com\/fr\/wp-json\/wp\/v2\/categories?post=263431"},{"taxonomy":"post_tag","embeddable":true,"href":"https:\/\/www.europesays.com\/fr\/wp-json\/wp\/v2\/tags?post=263431"}],"curies":[{"name":"wp","href":"https:\/\/api.w.org\/{rel}","templated":true}]}}