{"id":263438,"date":"2025-07-21T13:40:11","date_gmt":"2025-07-21T13:40:11","guid":{"rendered":"https:\/\/www.europesays.com\/fr\/263438\/"},"modified":"2025-07-21T13:40:11","modified_gmt":"2025-07-21T13:40:11","slug":"cette-serie-a-eu-recours-a-lia-generative-pour-reduire-les-couts","status":"publish","type":"post","link":"https:\/\/www.europesays.com\/fr\/263438\/","title":{"rendered":"cette s\u00e9rie a eu recours \u00e0 l&rsquo;IA g\u00e9n\u00e9rative pour r\u00e9duire les co\u00fbts"},"content":{"rendered":"<p>L\u2019<a href=\"https:\/\/www.presse-citron.net\/un-prompt-une-semaine-de-travail-cette-ia-fait-trembler-les-recruteurs\/\" target=\"_blank\" rel=\"noopener\">intelligence artificielle<\/a> est partout. Vraiment partout. Alors que son essor n\u2019est pas forc\u00e9ment per\u00e7u d\u2019un bon oeil par tout le monde, de plus en plus d\u2019entreprises ont recours \u00e0 cette technologie pour gagner du temps et de l\u2019argent. Il n\u2019est, ainsi, plus aussi rare de croiser une publicit\u00e9 ayant eu droit \u00e0 un coup de pouce de l\u2019IA. Concernant les films, The Brutalist a mis le feu aux poudres il y a quelques mois en s\u2019appuyant sur la technologie pour am\u00e9liorer l\u2019accent hongrois d\u2019Adrien Brody. La mont\u00e9e en puissance de l\u2019intelligence artificielle inqui\u00e8te particuli\u00e8rement du c\u00f4t\u00e9 de Hollywood. Elle figure parmi les pr\u00e9occupations majeures des professionnels de l\u2019industrie du cin\u00e9ma, <a href=\"https:\/\/www.presse-citron.net\/fin-dune-greve-historique-a-hollywood-tout-ce-quil-faut-savoir\/\" target=\"_blank\" rel=\"noopener\">en gr\u00e8ve au cours des derni\u00e8res ann\u00e9es<\/a>.<\/p>\n<p>La derni\u00e8re r\u00e9v\u00e9lation de <a href=\"https:\/\/www.presse-citron.net\/si-vous-aviez-mis-1000e-sur-netflix-en-2005-voici-combien-vous-auriez-aujourdhui\/\" target=\"_blank\" rel=\"noopener\">Netflix<\/a> ne devrait pas calmer les plus sceptiques. Aujourd\u2019hui, Netflix a admit avoir fait appel \u00e0 l\u2019intelligence artificielle g\u00e9n\u00e9rative pour la toute premi\u00e8re fois dans une de ses s\u00e9ries. Ainsi, une sc\u00e8ne de la nouvelle s\u00e9rie argentine L\u2019\u00c9ternaute a profit\u00e9 de l\u2019IA, permettant de meilleurs effets visuels pour un co\u00fbt moindre.<\/p>\n<p> Un tournant pour Netflix\u00a0? <\/p>\n<p>L\u2019intelligence artificielle, <a href=\"https:\/\/www.presse-citron.net\/telecharger\/multimedia\/video\/netflix.html\" target=\"_blank\" rel=\"noopener\">Netflix<\/a> l\u2019utilise d\u00e9j\u00e0 pour son interface et l\u2019exp\u00e9rience de ses utilisateurs. Mais jusqu\u2019\u00e0 pr\u00e9sent, la plateforme n\u2019avait jamais reconnu y avoir recours pour la production de ses contenus. C\u2019est d\u00e9sormais de l\u2019histoire ancienne.<\/p>\n<p>Effectivement, la production de la s\u00e9rie argentine L\u2019\u00c9ternaute s\u2019est retrouv\u00e9e dans une impasse. Faute d\u2019un budget suffisamment cons\u00e9quent, <a href=\"https:\/\/www.presse-citron.net\/prix-netflix-abonnement-guide\/\" target=\"_blank\" rel=\"noopener\">Netflix<\/a> a choisi de faire appel \u00e0 l\u2019intelligence artificielle g\u00e9n\u00e9rative pour une sc\u00e8ne impressionnante durant laquelle un immeuble s\u2019effondre.<\/p>\n<p>\u00c0 la t\u00eate du leader du streaming, Ted Sarandos affirme que se tourner vers l\u2019IA pour cette sc\u00e8ne a permis \u00e0 ses \u00e9quipes de production d\u2019aller dix fois plus vite que si elles avaient utilis\u00e9 des outils d\u2019effets visuels traditionnels. Au regard de leur budget, ils n\u2019auraient jamais pu s\u2019offrir la main d\u2019\u0153uvre pour un tel r\u00e9sultat, soutient-il. Selon ses dires, les cr\u00e9ateurs de la s\u00e9rie sud-am\u00e9ricaine sont extr\u00eamement ravis par le r\u00e9sultat.<\/p>\n<p>Bien que L\u2019\u00c9ternaute soit disponible sur la plateforme depuis le 30 avril 2025, Netflix vient seulement de \u201ccracher le morceau\u201d. Le g\u00e9ant du streaming a pr\u00e9f\u00e9r\u00e9 annoncer la nouvelle en m\u00eame temps que <a href=\"https:\/\/www.presse-citron.net\/netflix-annonce-dexcellents-resultats-trimestriels-grace-a-la-hausse-des-tarifs-et-la-publicite\/\" target=\"_blank\" rel=\"noopener\">ses r\u00e9sultats financiers du second semestre 2025 particuli\u00e8rement positifs<\/a>. Outre le co\u00fbt, bien s\u00fbr, Netflix met en avant que l\u2019intelligence artificielle \u201crepr\u00e9sente une opportunit\u00e9 incroyable d\u2019aider les cr\u00e9ateurs \u00e0 faire de meilleurs films et s\u00e9ries\u201d. Bien \u00e9videmment, on imagine que tous les professionnels de l\u2019industrie ne l\u2019entendent pas de cette oreille. Mais il est vraisemblable que la plateforme ne s\u2019arr\u00eate pas \u00e0 ce premier essai.<\/p>\n<blockquote>\n<p class=\"text-base text-neutral-700 dark:text-neutral-300\">\ud83d\udccd Pour ne manquer aucune actualit\u00e9 de Presse-citron, suivez-nous sur <a href=\"https:\/\/news.google.com\/publications\/CAAqBggKMIPiNTC70wU?hl=fr&amp;gl=FR&amp;ceid=FR%3Afr\" target=\"_blank\" rel=\"noopener\">Google Actualit\u00e9s<\/a> et <a href=\"https:\/\/whatsapp.com\/channel\/0029VaCkGuz4NViitBXbEr0b\" target=\"_blank\" rel=\"noopener\">WhatsApp<\/a>.<\/p>\n<\/blockquote>\n<p>            <img decoding=\"async\" src=\"https:\/\/www.europesays.com\/fr\/wp-content\/uploads\/2025\/05\/netflix-logo-.jpg\" alt=\"Netflix\" loading=\"lazy\"\/>                            <\/p>\n","protected":false},"excerpt":{"rendered":"L\u2019intelligence artificielle est partout. Vraiment partout. Alors que son essor n\u2019est pas forc\u00e9ment per\u00e7u d\u2019un bon oeil par&hellip;\n","protected":false},"author":2,"featured_media":263439,"comment_status":"","ping_status":"","sticky":false,"template":"","format":"standard","meta":{"footnotes":""},"categories":[1586],"tags":[11,1777,674,1779,1011,27,127,12,25,1778,364],"class_list":{"0":"post-263438","1":"post","2":"type-post","3":"status-publish","4":"format-standard","5":"has-post-thumbnail","7":"category-europe","8":"tag-actualites","9":"tag-eu","10":"tag-europe","11":"tag-european-union","12":"tag-fr","13":"tag-france","14":"tag-netflix","15":"tag-news","16":"tag-republique-francaise","17":"tag-ue","18":"tag-union-europeenne"},"share_on_mastodon":{"url":"https:\/\/pubeurope.com\/@fr\/114891510550235880","error":""},"_links":{"self":[{"href":"https:\/\/www.europesays.com\/fr\/wp-json\/wp\/v2\/posts\/263438","targetHints":{"allow":["GET"]}}],"collection":[{"href":"https:\/\/www.europesays.com\/fr\/wp-json\/wp\/v2\/posts"}],"about":[{"href":"https:\/\/www.europesays.com\/fr\/wp-json\/wp\/v2\/types\/post"}],"author":[{"embeddable":true,"href":"https:\/\/www.europesays.com\/fr\/wp-json\/wp\/v2\/users\/2"}],"replies":[{"embeddable":true,"href":"https:\/\/www.europesays.com\/fr\/wp-json\/wp\/v2\/comments?post=263438"}],"version-history":[{"count":0,"href":"https:\/\/www.europesays.com\/fr\/wp-json\/wp\/v2\/posts\/263438\/revisions"}],"wp:featuredmedia":[{"embeddable":true,"href":"https:\/\/www.europesays.com\/fr\/wp-json\/wp\/v2\/media\/263439"}],"wp:attachment":[{"href":"https:\/\/www.europesays.com\/fr\/wp-json\/wp\/v2\/media?parent=263438"}],"wp:term":[{"taxonomy":"category","embeddable":true,"href":"https:\/\/www.europesays.com\/fr\/wp-json\/wp\/v2\/categories?post=263438"},{"taxonomy":"post_tag","embeddable":true,"href":"https:\/\/www.europesays.com\/fr\/wp-json\/wp\/v2\/tags?post=263438"}],"curies":[{"name":"wp","href":"https:\/\/api.w.org\/{rel}","templated":true}]}}