{"id":263451,"date":"2025-07-21T13:49:10","date_gmt":"2025-07-21T13:49:10","guid":{"rendered":"https:\/\/www.europesays.com\/fr\/263451\/"},"modified":"2025-07-21T13:49:10","modified_gmt":"2025-07-21T13:49:10","slug":"vers-un-gp-dargentine-a-buenos-aires-a-partir-de-2027","status":"publish","type":"post","link":"https:\/\/www.europesays.com\/fr\/263451\/","title":{"rendered":"Vers un GP d&rsquo;Argentine \u00e0 Buenos Aires \u00e0 partir de 2027"},"content":{"rendered":"<p>Buenos Aires cherche \u00e0 r\u00e9cup\u00e9rer sa place d&rsquo;h\u00f4te des plus grands \u00e9v\u00e9nements de sports m\u00e9caniques en Argentine. Une position que la capitale du pays a occup\u00e9e au cours de diff\u00e9rentes phases depuis l&rsquo;inauguration de son circuit, en 1952, mais qui lui a \u00e9chapp\u00e9 avant les ann\u00e9es 2000.<\/p>\n<p>En <a href=\"https:\/\/fr.motorsport.com\/f1\/\" target=\"_self\" rel=\"noopener\">Formule 1<\/a>, le pays a quitt\u00e9 le calendrier il y a 27 ans, en revanche il a derni\u00e8rement permis l&rsquo;ancrage du MotoGP en Am\u00e9rique du sud. Durant la derni\u00e8re d\u00e9cennie, c&rsquo;est \u00e0 <a href=\"https:\/\/fr.motorsport.com\/location\/autodromo-termas-de-rio-hondo\/1684\/\" target=\"_self\" rel=\"noopener\">Termas de R\u00edo Hondo<\/a> que le championnat le plus prestigieux de la moto a pris ses quartiers, dans la province de Santiago del Estero. De 2014 \u00e0 2025, neuf Grands Prix s&rsquo;y sont tenus, jusqu&rsquo;\u00e0 l&rsquo;annonce il y a une dizaine de jours que l&rsquo;exp\u00e9rience ne serait pas renouvel\u00e9e en 2026.<\/p>\n<p>Lire aussi :<\/p>\n<p>Les organisateurs de l&rsquo;\u00e9preuve et la Dorna avaient alors confirm\u00e9 conjointement que Termas de R\u00edo Hondo ne figurerait pas au programme la saison prochaine. Seulement, cela ne mettait pas totalement fin aux espoirs du pays de continuer \u00e0 accueillir le MotoGP. Et le promoteur du championnat officialise donc ce lundi un projet visant \u00e0 relancer le Grand Prix d&rsquo;Argentine, mais cette fois en l&rsquo;installant \u00e0 Buenos Aires.<\/p>\n<p>L&rsquo;annonce officielle en sera faite plus tard dans la journ\u00e9e dans le cadre d&rsquo;une c\u00e9r\u00e9monie organis\u00e9e \u00e0 l&rsquo;Aut\u00f3dromo \u00d3scar y Juan G\u00e1lvez, et pr\u00e9sid\u00e9e par Jorge Macri, chef du gouvernement de la ville, en pr\u00e9sence de Carlos Ezpeleta, directeur sportif de Dorna Sports, et d&rsquo;Hermann Tilke, directeur de Tilke GmbH &amp; Co. KG, l&rsquo;entreprise en charge des travaux de modernisation du circuit.<\/p>\n<p>Ceux-ci sont n\u00e9cessaires car le circuit de Buenos Aires va \u00eatre redessin\u00e9 afin de correspondre aux normes du MotoGP, qui n&rsquo;a couru sur place que sporadiquement dans les ann\u00e9es 1960, puis 1980 et 1990. Les responsables du circuit avaient d\u00e9j\u00e0 \u00e9voqu\u00e9 ces travaux en marge d&rsquo;<a href=\"https:\/\/fr.motorsport.com\/motogp\/news\/motogp-interet-circuit-buenos-aires\/10697141\/\" target=\"_self\" rel=\"noopener\">une visite sur place de Carlos Ezpeleta en f\u00e9vrier dernier<\/a>, exprimant alors le souhait \u00ab\u00a0de retrouver la capacit\u00e9 d&rsquo;accueillir la Formule 1 et le MotoGP dans un futur proche\u00a0\u00bb.<\/p>\n<p>Ces retrouvailles se feront effectivement dans le cadre d&rsquo;un projet incluant \u00e9galement un possible retour dans le pays de la Formule 1, qui compte avec Franco Colapinto <a href=\"https:\/\/fr.motorsport.com\/f1\/news\/retour-f1-argentine-beaucoup-travail\/10673272\/\" target=\"_self\" rel=\"noopener\">son premier pilote argentin depuis 2001<\/a>. Selon les estimations du gouvernement local, un Grand Prix MotoGP \u00e0 Buenos Aires aurait un impact \u00e9conomique estim\u00e9 \u00e0 environ 140 millions de dollars.<\/p>\n<p>En int\u00e9grant le <a href=\"https:\/\/fr.motorsport.com\/motogp\/schedule\/2025\/?event_types%5B%5D=race\" target=\"_self\" rel=\"noopener\">calendrier MotoGP<\/a> en 2027, l&rsquo;Argentine reprendrait une place centrale dans un championnat qui cherche \u00e0 \u00e9largir ses horizons. Outre l&rsquo;\u00e9preuve qui se tient aux\u00a0\u00c9tats-Unis, il n&rsquo;existe pour le moment qu&rsquo;une seule autre course sur le territoire am\u00e9ricain, celle qui arrivera l&rsquo;an prochain au programme avec l&rsquo;int\u00e9gration d&rsquo;<a href=\"https:\/\/fr.motorsport.com\/motogp\/news\/motogp-visite-circuit-goiania-gp-bresil\/10704581\/\" target=\"_self\" rel=\"noopener\">un GP du Br\u00e9sil organis\u00e9 \u00e0\u00a0Goi\u00e2nia<\/a>.<\/p>\n<p>Dans cet article<\/p>\n<p>Soyez le premier inform\u00e9 et souscrivez aux alertes mails pour recevoir les infos en temps r\u00e9el<\/p>\n<p>    S&rsquo;abonner aux alertes de news<\/p>\n","protected":false},"excerpt":{"rendered":"Buenos Aires cherche \u00e0 r\u00e9cup\u00e9rer sa place d&rsquo;h\u00f4te des plus grands \u00e9v\u00e9nements de sports m\u00e9caniques en Argentine. Une&hellip;\n","protected":false},"author":2,"featured_media":263452,"comment_status":"","ping_status":"","sticky":false,"template":"","format":"standard","meta":{"footnotes":""},"categories":[1413],"tags":[40294,1011,27,38350,1457,1456,1458,60],"class_list":{"0":"post-263451","1":"post","2":"type-post","3":"status-publish","4":"format-standard","5":"has-post-thumbnail","7":"category-moto","8":"tag-autodromo-juan-y-oscar-galvez","9":"tag-fr","10":"tag-france","11":"tag-gp-dargentine","12":"tag-moto","13":"tag-motocycle","14":"tag-motogp","15":"tag-sports"},"share_on_mastodon":{"url":"https:\/\/pubeurope.com\/@fr\/114891545835127598","error":""},"_links":{"self":[{"href":"https:\/\/www.europesays.com\/fr\/wp-json\/wp\/v2\/posts\/263451","targetHints":{"allow":["GET"]}}],"collection":[{"href":"https:\/\/www.europesays.com\/fr\/wp-json\/wp\/v2\/posts"}],"about":[{"href":"https:\/\/www.europesays.com\/fr\/wp-json\/wp\/v2\/types\/post"}],"author":[{"embeddable":true,"href":"https:\/\/www.europesays.com\/fr\/wp-json\/wp\/v2\/users\/2"}],"replies":[{"embeddable":true,"href":"https:\/\/www.europesays.com\/fr\/wp-json\/wp\/v2\/comments?post=263451"}],"version-history":[{"count":0,"href":"https:\/\/www.europesays.com\/fr\/wp-json\/wp\/v2\/posts\/263451\/revisions"}],"wp:featuredmedia":[{"embeddable":true,"href":"https:\/\/www.europesays.com\/fr\/wp-json\/wp\/v2\/media\/263452"}],"wp:attachment":[{"href":"https:\/\/www.europesays.com\/fr\/wp-json\/wp\/v2\/media?parent=263451"}],"wp:term":[{"taxonomy":"category","embeddable":true,"href":"https:\/\/www.europesays.com\/fr\/wp-json\/wp\/v2\/categories?post=263451"},{"taxonomy":"post_tag","embeddable":true,"href":"https:\/\/www.europesays.com\/fr\/wp-json\/wp\/v2\/tags?post=263451"}],"curies":[{"name":"wp","href":"https:\/\/api.w.org\/{rel}","templated":true}]}}