{"id":263455,"date":"2025-07-21T13:51:09","date_gmt":"2025-07-21T13:51:09","guid":{"rendered":"https:\/\/www.europesays.com\/fr\/263455\/"},"modified":"2025-07-21T13:51:09","modified_gmt":"2025-07-21T13:51:09","slug":"deux-cyclistes-amateurs-realisent-une-etape-alpine-du-tour-de-france-en-velov","status":"publish","type":"post","link":"https:\/\/www.europesays.com\/fr\/263455\/","title":{"rendered":"Deux cyclistes amateurs r\u00e9alisent une \u00e9tape alpine du Tour de France en V\u00e9lo\u2019v"},"content":{"rendered":"<p itemprop=\"description\"><strong>D\u00e9fi relev\u00e9 pour deux cyclistes amateurs apr\u00e8s avoir boucl\u00e9s une \u00e9tape mythique du Tour de France entre Albertville et la Plagne, en V\u00e9lo\u2019v m\u00e9canique.<\/strong><\/p>\n<p>131 kilom\u00e8tres et 4 500 m\u00e8tres de d\u00e9nivel\u00e9s en V\u00e9lo\u2019v. C\u2019est le d\u00e9fi que se sont lanc\u00e9s deux cyclistes amateurs ce samedi 19 juillet. Ces derniers ont r\u00e9alis\u00e9 le parcours d\u2019une des \u00e9tapes du mythique Tour de France reliant Albertville \u00e0 la Plagne.<\/p>\n<p>C\u2019est donc cinq jours avant les coureurs professionnels et \u00e9quip\u00e9s de V\u00e9lo\u2019v m\u00e9caniques, pr\u00eat\u00e9s par Cyclocity que Thibault Arbonel et Thomas Laurenceau ont gravi avec succ\u00e8s les pentes des Alpes, dont le Cormet de Roselend.<\/p>\n<p>Alors que 16 000 passionn\u00e9s ont particip\u00e9 ce dimanche 20 juillet \u00e0 l\u2019\u00e9tape amateur, ils se sont \u00e9lanc\u00e9s le samedi en fin de journ\u00e9e. De jour comme de nuit, les deux cyclistes ont parcouru en plus de 11 heures les 131 kilom\u00e8tres. Une belle performance pour les sportifs mais aussi pour les V\u00e9lo\u2019v, habitu\u00e9s au goudron de la Ville de Lyon.<\/p>\n<p>\u00ab\u00a0Au moment du d\u00e9part, on se demandait sinc\u00e8rement si on serait capables de terminer l\u2019\u00e9preuve. Au final, avec de la patience, de la motivation, et surtout beaucoup de plaisir, on est all\u00e9s au bout. Le secret d\u2019une nuit r\u00e9ussie : un beau v\u00e9lo, 4 500 m\u00e8tres de d\u00e9nivel\u00e9 positif et une franche camaraderie. \u00c0 refaire de toute urgence\u00a0\u00bb, ont d\u00e9clar\u00e9 Thibault Arbonel et Thomas Laurenceau.<\/p>\n","protected":false},"excerpt":{"rendered":"D\u00e9fi relev\u00e9 pour deux cyclistes amateurs apr\u00e8s avoir boucl\u00e9s une \u00e9tape mythique du Tour de France entre Albertville&hellip;\n","protected":false},"author":2,"featured_media":263456,"comment_status":"","ping_status":"","sticky":false,"template":"","format":"standard","meta":{"footnotes":""},"categories":[1411],"tags":[1111,11,2813,2190,1109,251,1154,207,1112,2811,118,1011,27,1922,1110,1114,2428,2810,241,316,2812,517,60,800],"class_list":{"0":"post-263455","1":"post","2":"type-post","3":"status-publish","4":"format-standard","5":"has-post-thumbnail","7":"category-cyclisme","8":"tag-actu","9":"tag-actualites","10":"tag-article","11":"tag-asvel","12":"tag-breves","13":"tag-culture","14":"tag-cycling","15":"tag-cyclisme","16":"tag-depeches","17":"tag-economique","18":"tag-faits-divers","19":"tag-fr","20":"tag-france","21":"tag-info","22":"tag-informations","23":"tag-infos","24":"tag-lyon","25":"tag-lyonmag","26":"tag-ol","27":"tag-politique","28":"tag-sociale","29":"tag-sport","30":"tag-sports","31":"tag-transports"},"share_on_mastodon":{"url":"https:\/\/pubeurope.com\/@fr\/114891553726311433","error":""},"_links":{"self":[{"href":"https:\/\/www.europesays.com\/fr\/wp-json\/wp\/v2\/posts\/263455","targetHints":{"allow":["GET"]}}],"collection":[{"href":"https:\/\/www.europesays.com\/fr\/wp-json\/wp\/v2\/posts"}],"about":[{"href":"https:\/\/www.europesays.com\/fr\/wp-json\/wp\/v2\/types\/post"}],"author":[{"embeddable":true,"href":"https:\/\/www.europesays.com\/fr\/wp-json\/wp\/v2\/users\/2"}],"replies":[{"embeddable":true,"href":"https:\/\/www.europesays.com\/fr\/wp-json\/wp\/v2\/comments?post=263455"}],"version-history":[{"count":0,"href":"https:\/\/www.europesays.com\/fr\/wp-json\/wp\/v2\/posts\/263455\/revisions"}],"wp:featuredmedia":[{"embeddable":true,"href":"https:\/\/www.europesays.com\/fr\/wp-json\/wp\/v2\/media\/263456"}],"wp:attachment":[{"href":"https:\/\/www.europesays.com\/fr\/wp-json\/wp\/v2\/media?parent=263455"}],"wp:term":[{"taxonomy":"category","embeddable":true,"href":"https:\/\/www.europesays.com\/fr\/wp-json\/wp\/v2\/categories?post=263455"},{"taxonomy":"post_tag","embeddable":true,"href":"https:\/\/www.europesays.com\/fr\/wp-json\/wp\/v2\/tags?post=263455"}],"curies":[{"name":"wp","href":"https:\/\/api.w.org\/{rel}","templated":true}]}}