{"id":263459,"date":"2025-07-21T13:54:20","date_gmt":"2025-07-21T13:54:20","guid":{"rendered":"https:\/\/www.europesays.com\/fr\/263459\/"},"modified":"2025-07-21T13:54:20","modified_gmt":"2025-07-21T13:54:20","slug":"gaillac-les-peintres-ont-pris-lair-du-griffoul","status":"publish","type":"post","link":"https:\/\/www.europesays.com\/fr\/263459\/","title":{"rendered":"Gaillac. Les peintres ont pris l\u2019air du Griffoul"},"content":{"rendered":"<p>Ils \u00e9taient vingt-cinq autour de la place du Griffoul, sous les arcades et le parvis de la halle. Les Peintres du Gaillacois avaient d\u00e9cid\u00e9 ce rendez-vous avec le centre-ville lors de leur derni\u00e8re assembl\u00e9e g\u00e9n\u00e9rale. Cette pratique \u00e9tait courante il y a une dizaine d\u2019ann\u00e9es, y compris lors des Flor\u00e9ales du 8 mai, mais l\u2019exp\u00e9rience avait fait long feu. Faute de participants ? Parce que la ville avait oubli\u00e9 de les inviter ? Un peu des deux sans doute. Mais leur animation a \u00e9t\u00e9 appr\u00e9ci\u00e9e. Quelques-uns peignaient sur le motif, la majorit\u00e9 pr\u00e9sentait ses tableaux. D\u2019autres artistes ou artisans d\u2019art les avaient rejoints : c\u00e9ramiste, photographe, sculpteur, dessinateur, cr\u00e9ateur de bijoux. L\u2019art dans la rue attire toujours les curieux. \u00ab\u00a0Cette journ\u00e9e co\u00efncidait avec les f\u00eates g\u00e9n\u00e9rales qui se d\u00e9roulent sur le haut de la ville. Nous avons essay\u00e9 d\u2019animer un peu cette place du Griffoul que nous aimons beaucoup\u00a0\u00bb indiquait Nicole Gilles, la pr\u00e9sidente. La municipalit\u00e9 avait pr\u00eat\u00e9 le mat\u00e9riel : tables, chaises, machine \u00e0 caf\u00e9. Le public est venu et il a fl\u00e2n\u00e9 d\u2019un peintre \u00e0 l\u2019autre Les Peintres du Gaillacois ont r\u00e9ussi leur Salon, dont le niveau g\u00e9n\u00e9ral augmente tous les ans.<\/p>\n<p>On pr\u00e9pare d\u00e9j\u00e0 le Salon 2026:<\/p>\n<p>La date du prochain est d\u00e9j\u00e0 connue (du 18 au 26 avril 2026), Nicole Gilles prospecte d\u00e9j\u00e0 pour l\u2019\u00e9dition 2027. \u00ab\u00a0Il faut s\u2019y prendre tr\u00e8s t\u00f4t pour r\u00e9server la salle de spectacles pendant une semaine\u00a0\u00bb. Les ateliers d\u2019\u00e9t\u00e9 continuent, anim\u00e9s tous les mercredis \u2013 \u00e9ventuellement le jeudi \u2013 par Fran\u00e7oise Froissart dans le local du Th\u00e9ron. Ils connaissent une fr\u00e9quentation r\u00e9guli\u00e8re et une ambiance festive sur le coup de midi, quand ouvre l\u2019auberge espagnole o\u00f9 l\u2019on installe le buffet. Car au sein du groupe, les \u00e9changes, les soutiens, les conseils priment sur l\u2019\u00e9mulation. L\u2019association poursuit \u00e9galement ses visites culturelles : Cahors pour le mus\u00e9e Henri Martin et les jardins, Toulouse pour la Fondation Bemberg avec un focus sur les bijoux Renaissance. L\u2019agenda des Peintres du Gaillacois retrouvera son rythme habituel \u00e0 la rentr\u00e9e de septembre, mais le dynamisme de l\u2019association ne s\u2019essouffle pas : la pr\u00e9sence de nombreux adh\u00e9rents \u00e0 l\u2019assembl\u00e9e g\u00e9n\u00e9rale en \u00e9tait un exemple de plus. Cette journ\u00e9e d\u2019animation de la place du Griffoul a \u00e9t\u00e9 appr\u00e9ci\u00e9e des commer\u00e7ants du quartier car elle y a attir\u00e9 du monde un samedi matin o\u00f9 l\u2019on retrouvait presque l\u2019affluence du march\u00e9 dominical.<\/p>\n","protected":false},"excerpt":{"rendered":"Ils \u00e9taient vingt-cinq autour de la place du Griffoul, sous les arcades et le parvis de la halle.&hellip;\n","protected":false},"author":2,"featured_media":263460,"comment_status":"","ping_status":"","sticky":false,"template":"","format":"standard","meta":{"footnotes":""},"categories":[1358],"tags":[1348,1384,1385,1386,58,59,1011,27],"class_list":{"0":"post-263459","1":"post","2":"type-post","3":"status-publish","4":"format-standard","5":"has-post-thumbnail","7":"category-arts-et-design","8":"tag-arts","9":"tag-arts-and-design","10":"tag-arts-et-design","11":"tag-design","12":"tag-divertissement","13":"tag-entertainment","14":"tag-fr","15":"tag-france"},"share_on_mastodon":{"url":"https:\/\/pubeurope.com\/@fr\/114891565489595204","error":""},"_links":{"self":[{"href":"https:\/\/www.europesays.com\/fr\/wp-json\/wp\/v2\/posts\/263459","targetHints":{"allow":["GET"]}}],"collection":[{"href":"https:\/\/www.europesays.com\/fr\/wp-json\/wp\/v2\/posts"}],"about":[{"href":"https:\/\/www.europesays.com\/fr\/wp-json\/wp\/v2\/types\/post"}],"author":[{"embeddable":true,"href":"https:\/\/www.europesays.com\/fr\/wp-json\/wp\/v2\/users\/2"}],"replies":[{"embeddable":true,"href":"https:\/\/www.europesays.com\/fr\/wp-json\/wp\/v2\/comments?post=263459"}],"version-history":[{"count":0,"href":"https:\/\/www.europesays.com\/fr\/wp-json\/wp\/v2\/posts\/263459\/revisions"}],"wp:featuredmedia":[{"embeddable":true,"href":"https:\/\/www.europesays.com\/fr\/wp-json\/wp\/v2\/media\/263460"}],"wp:attachment":[{"href":"https:\/\/www.europesays.com\/fr\/wp-json\/wp\/v2\/media?parent=263459"}],"wp:term":[{"taxonomy":"category","embeddable":true,"href":"https:\/\/www.europesays.com\/fr\/wp-json\/wp\/v2\/categories?post=263459"},{"taxonomy":"post_tag","embeddable":true,"href":"https:\/\/www.europesays.com\/fr\/wp-json\/wp\/v2\/tags?post=263459"}],"curies":[{"name":"wp","href":"https:\/\/api.w.org\/{rel}","templated":true}]}}