{"id":26346,"date":"2025-04-15T10:53:11","date_gmt":"2025-04-15T10:53:11","guid":{"rendered":"https:\/\/www.europesays.com\/fr\/26346\/"},"modified":"2025-04-15T10:53:11","modified_gmt":"2025-04-15T10:53:11","slug":"en-france-aujourdhui-on-incendie-un-mcdonalds-periurbain-pour-soutenir-la-cause-palestinienne","status":"publish","type":"post","link":"https:\/\/www.europesays.com\/fr\/26346\/","title":{"rendered":"\u00abEn France, aujourd\u2019hui, on incendie un McDonald\u2019s p\u00e9riurbain pour soutenir la cause palestinienne\u00bb"},"content":{"rendered":"<p><strong>ENTRETIEN &#8211; <\/strong>Dans la nuit du 7 au 8\u00a0avril, un restaurant McDonald\u2019s en construction \u00e0 Montrab\u00e9, pr\u00e8s de Toulouse, a \u00e9t\u00e9 incendi\u00e9 \u00aben soutien au peuple palestinien\u00bb. L\u2019occasion pour le sondeur* d\u2019analyser le millefeuille culturel fran\u00e7ais et la strat\u00e9gie d\u2019implantation d\u2019une entreprise qui a m\u00e9tamorphos\u00e9 notre pays.<\/p>\n<p class=\"fig-paragraph\">*J\u00e9r\u00f4me Fourquet est directeur du d\u00e9partement opinion de l\u2019Ifop. Dernier livre paru\u00a0: \u00ab\u00a0M\u00e9tamorphoses fran\u00e7aises. \u00c9tat de la France en infographies et en images\u00a0\u00bb (Seuil, 2024).<\/p>\n<p class=\"fig-paragraph\"><strong>LE FIGARO. &#8211; Le restaurant McDonald\u2019s en construction \u00e0 Montrab\u00e9, commune de l\u2019Est toulousain, a \u00e9t\u00e9 incendi\u00e9 dans la nuit de lundi\u00a07 \u00e0 mardi 8\u00a0avril. Un myst\u00e9rieux groupe a revendiqu\u00e9 les faits, perp\u00e9tr\u00e9s <\/strong><strong>\u00ab\u00a0en soutien au peuple palestinien\u00a0\u00bb.<\/strong> <strong>Comment interpr\u00e9ter cette revendication\u00a0? Les appels au boycott de marques ont-ils des effets concrets sur des mastodontes comme McDonald\u2019s\u00a0?<\/strong><\/p>\n<p class=\"fig-paragraph\"><strong>J\u00c9R\u00d4ME FOURQUET. &#8211; <\/strong>Il est int\u00e9ressant de constater que le groupe qui a revendiqu\u00e9 cette action s\u2019appelle Les\u00a0Frites insoumises, un clin d\u2019\u0153il potache assez \u00e9vident \u00e0 LFI. Leur communiqu\u00e9 fait r\u00e9f\u00e9rence \u00e0 un appel au boycott de la cha\u00eene McDonald\u2019s intervenu apr\u00e8s\u00a0<a href=\"http:\/\/www.lefigaro.fr\/international\/des-massacres-du-7-octobre-au-cessez-le-feu-quinze-mois-de-cauchemar-pour-israel-et-gaza-20250116\" target=\"_blank\" data-fig-type=\"Article\" rel=\"noopener\" data-gtm-custom-categorie=\"navigation\" data-gtm-custom-action=\"crossclick\" data-gtm-custom-label=\"Contextuel\" data-gtm-event=\"customEventSPE\" data-fig-domain=\"LEFIGARO\">le 7-Octobre<\/a>. \u00c0 l\u2019\u00e9poque, des vid\u00e9os avaient circul\u00e9 sur les r\u00e9seaux sociaux, dans lesquelles des employ\u00e9s de l\u2019enseigne se mettaient en sc\u00e8ne livrant\u2026<\/p>\n<p class=\"fig-premium-paywall__infos\">\n        Cet article est r\u00e9serv\u00e9 aux abonn\u00e9s.        Il vous reste 91% \u00e0 d\u00e9couvrir.\n    <\/p>\n<p>                <img  data- alt=\"Le Figaro\" class=\"fig-img--complete fig-img\"\/><\/p>\n<p class=\"fig-premium-paywall__title\">Vous avez envie de lire la suite ?<\/p>\n<p class=\"fig-premium-paywall__subtitle\">D\u00e9bloquez tous les articles imm\u00e9diatement.<\/p>\n<p class=\"fig-premium-paywall__connect\">\n                D\u00e9j\u00e0 abonn\u00e9\u00a0?                <a class=\"fig-premium-paywall__connect-link\" href=\"https:\/\/connect.lefigaro.fr\/login?client=horizon_web&amp;type=main&amp;redirect_uri=https%3A%2F%2Fwww.lefigaro.fr%2Fvox%2Fsociete%2Fjerome-fourquet-en-france-aujourd-hui-on-incendie-un-mcdonald-s-periurbain-pour-soutenir-la-cause-palestinienne-20250413\" data-js-gtm=\"{&quot;customCategorie&quot;: &quot;conversion&quot;, &quot;customAction&quot;: &quot;before_Landing_Connexion_paywall_auto&quot;, &quot;customLabel&quot;: &quot;bGVmaWdhcm8uZnJfXzFmMDE2YmJkLWZkMjMtNjMyNC1hNDQwLTViYWQ5MzAxZWVkYl9fQXJ0aWNsZQ==_J\u00e9r\u00f4me Fourquet: \u00abEn France, aujourd\u2019hui, on incendie un McDonald\u2019s p\u00e9riurbain pour soutenir la cause palestinienne\u00bb_413&quot;, &quot;customIDSPE&quot;: &quot;bGVmaWdhcm8uZnJfXzFmMDE2YmJkLWZkMjMtNjMyNC1hNDQwLTViYWQ5MzAxZWVkYl9fQXJ0aWNsZQ==&quot;, &quot;event&quot;: &quot;customEventSPE&quot;}\" target=\"_blank\" rel=\"noopener\"><br \/>\n                    Connectez-vous<br \/>\n                <\/a>\n            <\/p>\n","protected":false},"excerpt":{"rendered":"ENTRETIEN &#8211; Dans la nuit du 7 au 8\u00a0avril, un restaurant McDonald\u2019s en construction \u00e0 Montrab\u00e9, pr\u00e8s de&hellip;\n","protected":false},"author":2,"featured_media":26347,"comment_status":"","ping_status":"","sticky":false,"template":"","format":"standard","meta":{"footnotes":""},"categories":[6],"tags":[35,1428,130,1292,5361,5360,33,34,9384,1429,1011,27,679,1427,1426,104],"class_list":{"0":"post-26346","1":"post","2":"type-post","3":"status-publish","4":"format-standard","5":"has-post-thumbnail","7":"category-economie","8":"tag-business","9":"tag-chroniqueurs","10":"tag-consommation","11":"tag-debat","12":"tag-debat-societe","13":"tag-debats-societaux","14":"tag-economie","15":"tag-economy","16":"tag-extreme-gauche","17":"tag-figarovox","18":"tag-fr","19":"tag-france","20":"tag-mcdonalds","21":"tag-opinions","22":"tag-questions","23":"tag-societe"},"share_on_mastodon":{"url":"https:\/\/pubeurope.com\/@fr\/114341609651376331","error":""},"_links":{"self":[{"href":"https:\/\/www.europesays.com\/fr\/wp-json\/wp\/v2\/posts\/26346","targetHints":{"allow":["GET"]}}],"collection":[{"href":"https:\/\/www.europesays.com\/fr\/wp-json\/wp\/v2\/posts"}],"about":[{"href":"https:\/\/www.europesays.com\/fr\/wp-json\/wp\/v2\/types\/post"}],"author":[{"embeddable":true,"href":"https:\/\/www.europesays.com\/fr\/wp-json\/wp\/v2\/users\/2"}],"replies":[{"embeddable":true,"href":"https:\/\/www.europesays.com\/fr\/wp-json\/wp\/v2\/comments?post=26346"}],"version-history":[{"count":0,"href":"https:\/\/www.europesays.com\/fr\/wp-json\/wp\/v2\/posts\/26346\/revisions"}],"wp:featuredmedia":[{"embeddable":true,"href":"https:\/\/www.europesays.com\/fr\/wp-json\/wp\/v2\/media\/26347"}],"wp:attachment":[{"href":"https:\/\/www.europesays.com\/fr\/wp-json\/wp\/v2\/media?parent=26346"}],"wp:term":[{"taxonomy":"category","embeddable":true,"href":"https:\/\/www.europesays.com\/fr\/wp-json\/wp\/v2\/categories?post=26346"},{"taxonomy":"post_tag","embeddable":true,"href":"https:\/\/www.europesays.com\/fr\/wp-json\/wp\/v2\/tags?post=26346"}],"curies":[{"name":"wp","href":"https:\/\/api.w.org\/{rel}","templated":true}]}}