{"id":263467,"date":"2025-07-21T13:58:09","date_gmt":"2025-07-21T13:58:09","guid":{"rendered":"https:\/\/www.europesays.com\/fr\/263467\/"},"modified":"2025-07-21T13:58:09","modified_gmt":"2025-07-21T13:58:09","slug":"julia-roberts-joue-une-enseignante-tourmentee-dans-la-bande-annonce-dapres-la-chasse","status":"publish","type":"post","link":"https:\/\/www.europesays.com\/fr\/263467\/","title":{"rendered":"Julia Roberts joue une enseignante tourment\u00e9e dans la bande-annonce d\u2019Apr\u00e8s la Chasse"},"content":{"rendered":"<p>Les premi\u00e8res images du nouveau film de Luca Guadagnino ont \u00e9t\u00e9 d\u00e9voil\u00e9es le 18 juillet. On voit la grande actrice am\u00e9ricaine mener une enqu\u00eate. elle veut savoir si son coll\u00e8gue et professeur, jou\u00e9 par Andrew Garfield, a agress\u00e9 une \u00e9tudiante. La sortie du thriller est pr\u00e9vue le 17 octobre.<\/p>\n<p class=\"fig-paragraph\"><a href=\"http:\/\/www.lefigaro.fr\/culture\/julia-roberts-recevra-le-cesar-d-honneur-lors-de-la-50e-ceremonie-des-cesar-20240930\" data-fig-type=\"Article\" data-gtm-custom-categorie=\"navigation\" data-gtm-custom-action=\"crossclick\" data-gtm-custom-label=\"Contextuel\" data-gtm-event=\"customEventSPE\" data-fig-domain=\"LEFIGARO\" target=\"_blank\" rel=\"noopener\">Julia Roberts<\/a>\u00a0est de retour. Apr\u00e8s quasiment deux ans d\u2019absence, l\u2019actrice am\u00e9ricaine revient devant la cam\u00e9ra dans le thriller Apr\u00e8s la Chasse, du cin\u00e9aste\u00a0<a href=\"http:\/\/www.lefigaro.fr\/cinema\/au-festival-du-film-de-marrakech-luca-guadagnino-indigne-apres-la-censure-de-queer-en-turquie-20241202\" data-fig-type=\"NewsFlash\" data-gtm-custom-categorie=\"navigation\" data-gtm-custom-action=\"crossclick\" data-gtm-custom-label=\"Contextuel\" data-gtm-event=\"customEventSPE\" data-fig-domain=\"LEFIGARO\" target=\"_blank\" rel=\"noopener\">Luca Guadagnino<\/a>.\u00a0<a href=\"https:\/\/www.lefigaro.fr\/cinema\/2009\/11\/26\/03002-20091126ARTFIG00012-grandeur-et-decadence-de-la-metro-goldwyn-mayer-.php\" data-fig-type=\"Article\" data-gtm-custom-categorie=\"navigation\" data-gtm-custom-action=\"crossclick\" data-gtm-custom-label=\"Contextuel\" data-gtm-event=\"customEventSPE\" data-fig-domain=\"LEFIGARO\" target=\"_blank\" rel=\"noopener\">Metro Goldwyn Mayer<\/a>\u00a0(aujourd\u2019hui filiale d\u2019Amazon MGM Studios), a diffus\u00e9 la bande-annonce le 16 juillet, rapporte Deadline.<\/p>\n<p class=\"fig-paragraph\">Dans cet extrait de trois minutes, Julia Roberts incarne le personnage d\u2019Alma Olsson, une professeure d\u2019universit\u00e9 qui rencontre l\u2019\u00e9tudiante Maggie Price (jou\u00e9e par\u00a0<a href=\"http:\/\/www.lefigaro.fr\/culture\/un-fasciste-et-un-idiot-l-actrice-ayo-edebiri-s-attaque-a-elon-musk-pour-avoir-relaye-une-fake-news-a-son-sujet-20250313\" data-fig-type=\"Article\" data-gtm-custom-categorie=\"navigation\" data-gtm-custom-action=\"crossclick\" data-gtm-custom-label=\"Contextuel\" data-gtm-event=\"customEventSPE\" data-fig-domain=\"LEFIGARO\" target=\"_blank\" rel=\"noopener\">Ayo Edebiri<\/a>). Cette derni\u00e8re vient lui demander de l\u2019aide, car elle se dit la victime d\u2019une agression perp\u00e9tr\u00e9e par un autre professeur (<a href=\"http:\/\/www.lefigaro.fr\/cinema\/andrew-garfield-l-acteur-hypersensible-de-hollywood-20250101\" data-fig-type=\"Article\" data-gtm-custom-categorie=\"navigation\" data-gtm-custom-action=\"crossclick\" data-gtm-custom-label=\"Contextuel\" data-gtm-event=\"customEventSPE\" data-fig-domain=\"LEFIGARO\" target=\"_blank\" rel=\"noopener\">Andrew Garfield<\/a>). Celui-ci, pour se d\u00e9fendre, accuse \u00e0 son tour l\u2019\u00e9tudiante de mensonge. En proie aux doutes, Alma Olsson tente de mener sa propre enqu\u00eate mais est rattrap\u00e9e par son sombre pass\u00e9.<\/p>\n<p>                                    <a class=\"fig-a11y-skip a11y-hidden\" href=\"#fig-a11y-skip-main-inarticle\"><br \/>\n        Passer la publicit\u00e9<br \/>\n    <\/a><\/p>\n<p class=\"fig-paragraph\">L\u2019acteur Andrew Garfield a parl\u00e9 d\u2019Apr\u00e8s la Chasse au micro de Deadline\u00a0: \u00ab\u00a0Ce qui \u00e9tait passionnant et surprenant en \u00e9tant avec Luca [Guadagnino] sur le plateau, c\u2019\u00e9tait sa d\u00e9contraction, sa spontan\u00e9it\u00e9, sa pr\u00e9sence dans l\u2019instant et sa concentration absolue quand il le fallait, tout en laissant libre cours \u00e0 la journ\u00e9e, \u00e0 la sc\u00e8ne et \u00e0 l\u2019instant\u00a0\u00bb. La sortie du long-m\u00e9trage est pr\u00e9vue pour le 17 octobre.<\/p>\n<p>Guadagnino esp\u00e8re reconqu\u00e9rir le public<\/p>\n<p class=\"fig-paragraph\">Avec Apr\u00e8s la Chasse, le r\u00e9alisateur Luca Guadagnino compte faire oublier le fiasco de\u00a0<a href=\"http:\/\/www.lefigaro.fr\/cinema\/notre-critique-de-queer-daniel-craig-triple-zero-a-mexico-20250224\" data-fig-type=\"Article\" data-gtm-custom-categorie=\"navigation\" data-gtm-custom-action=\"crossclick\" data-gtm-custom-label=\"Contextuel\" data-gtm-event=\"customEventSPE\" data-fig-domain=\"LEFIGARO\" target=\"_blank\" rel=\"noopener\">Queer<\/a> \u00a0projet\u00e9 en 2024. Cette com\u00e9die dramatique qui mettait en sc\u00e8ne Daniel Craig dans le r\u00f4le d\u2019un expatri\u00e9 am\u00e9ricain sulfureux, a fait un bide au box-office, r\u00e9coltant seulement quelques petits\u00a0<a href=\"https:\/\/www.jpbox-office.com\/mobile\/fichfilm.php?id=24061\" target=\"_blank\" rel=\"sponsored noopener\" data-gtm-custom-categorie=\"navigation\" data-gtm-custom-action=\"crossclick\" data-gtm-custom-label=\"Contextuel\" data-gtm-event=\"customEventSPE\">trois millions de dollars aux \u00c9tats-Unis<\/a>. Le prolifique r\u00e9alisateur italien tourne aussi actuellement Separate Rooms, une adaptation du roman \u00e9ponyme de Pier Vittori Tondelli. Ce livre raconte la vie sentimentale de L\u00e9o, un \u00e9crivain homosexuel \u00e9pris d\u2019un musicien allemand. Pour l\u2019instant, seule le nom de l\u2019actrice<a href=\"http:\/\/www.lefigaro.fr\/festival-de-cannes\/depuis-metoo-lea-seydoux-ressent-un-changement-global-sur-les-tournages-20240515\" data-fig-type=\"NewsFlash\" data-gtm-custom-categorie=\"navigation\" data-gtm-custom-action=\"crossclick\" data-gtm-custom-label=\"Contextuel\" data-gtm-event=\"customEventSPE\" data-fig-domain=\"LEFIGARO\" target=\"_blank\" rel=\"noopener\">\u00a0L\u00e9a Seydoux<\/a>\u00a0a \u00e9t\u00e9 r\u00e9v\u00e9l\u00e9 au grand public.<\/p>\n<p class=\"fig-paragraph\">De son c\u00f4t\u00e9, Julia Roberts appara\u00eetra, prochainement, en haut de l\u2019affiche de Panic Carefully de Sam Esmail. Le tournage de ce nouveau thriller a commenc\u00e9 en janvier 2025. La date de sortie reste encore un secret.<\/p>\n","protected":false},"excerpt":{"rendered":"Les premi\u00e8res images du nouveau film de Luca Guadagnino ont \u00e9t\u00e9 d\u00e9voil\u00e9es le 18 juillet. On voit la&hellip;\n","protected":false},"author":2,"featured_media":263468,"comment_status":"","ping_status":"","sticky":false,"template":"","format":"standard","meta":{"footnotes":""},"categories":[1354],"tags":[36876,58,59,2081,1346,1011,27,21334,40297,1360,5883],"class_list":{"0":"post-263467","1":"post","2":"type-post","3":"status-publish","4":"format-standard","5":"has-post-thumbnail","7":"category-films","8":"tag-andrew-garfield","9":"tag-divertissement","10":"tag-entertainment","11":"tag-film","12":"tag-films","13":"tag-fr","14":"tag-france","15":"tag-julia-roberts","16":"tag-luca-guadagnino","17":"tag-movies","18":"tag-thriller"},"share_on_mastodon":{"url":"https:\/\/pubeurope.com\/@fr\/114891581266278521","error":""},"_links":{"self":[{"href":"https:\/\/www.europesays.com\/fr\/wp-json\/wp\/v2\/posts\/263467","targetHints":{"allow":["GET"]}}],"collection":[{"href":"https:\/\/www.europesays.com\/fr\/wp-json\/wp\/v2\/posts"}],"about":[{"href":"https:\/\/www.europesays.com\/fr\/wp-json\/wp\/v2\/types\/post"}],"author":[{"embeddable":true,"href":"https:\/\/www.europesays.com\/fr\/wp-json\/wp\/v2\/users\/2"}],"replies":[{"embeddable":true,"href":"https:\/\/www.europesays.com\/fr\/wp-json\/wp\/v2\/comments?post=263467"}],"version-history":[{"count":0,"href":"https:\/\/www.europesays.com\/fr\/wp-json\/wp\/v2\/posts\/263467\/revisions"}],"wp:featuredmedia":[{"embeddable":true,"href":"https:\/\/www.europesays.com\/fr\/wp-json\/wp\/v2\/media\/263468"}],"wp:attachment":[{"href":"https:\/\/www.europesays.com\/fr\/wp-json\/wp\/v2\/media?parent=263467"}],"wp:term":[{"taxonomy":"category","embeddable":true,"href":"https:\/\/www.europesays.com\/fr\/wp-json\/wp\/v2\/categories?post=263467"},{"taxonomy":"post_tag","embeddable":true,"href":"https:\/\/www.europesays.com\/fr\/wp-json\/wp\/v2\/tags?post=263467"}],"curies":[{"name":"wp","href":"https:\/\/api.w.org\/{rel}","templated":true}]}}