{"id":263469,"date":"2025-07-21T13:59:11","date_gmt":"2025-07-21T13:59:11","guid":{"rendered":"https:\/\/www.europesays.com\/fr\/263469\/"},"modified":"2025-07-21T13:59:11","modified_gmt":"2025-07-21T13:59:11","slug":"des-cellules-de-la-peau-revelent-notre-vitalite-cachee","status":"publish","type":"post","link":"https:\/\/www.europesays.com\/fr\/263469\/","title":{"rendered":"des cellules de la peau r\u00e9v\u00e8lent notre vitalit\u00e9 cach\u00e9e"},"content":{"rendered":"<p>    Les chercheurs ont trouv\u00e9, dans le comportement des cellules face \u00e0 divers types de stress, des marqueurs pr\u00e9coces de fragilit\u00e9.<br \/>\n                Evgeny Atamanenko \/ JenkoAtaman &#8211; stock.adobe.com<\/p>\n<p>Des chercheurs explorent le potentiel des fibroblastes pour mesurer notre \u00ab\u00a0capacit\u00e9 intrins\u00e8que\u00a0\u00bb, un marqueur cl\u00e9 de notre \u00e9tat de sant\u00e9 global et de notre vieillissement \u00e0 venir.<\/p>\n<p class=\"fig-paragraph\">Et si l\u2019on pouvait d\u00e9tecter la fa\u00e7on dont nous allons\u00a0<a href=\"https:\/\/sante.lefigaro.fr\/sante\/seniors\" target=\"_blank\" data-fig-type=\"Keyword\" rel=\"sponsored noopener\" data-gtm-custom-categorie=\"navigation\" data-gtm-custom-action=\"crossclick\" data-gtm-custom-label=\"Contextuel\" data-gtm-event=\"customEventSPE\" data-fig-domain=\"SANTE\">vieillir<\/a>, bien avant\u00a0<a href=\"https:\/\/www.lefigaro.fr\/sciences\/depister-les-premiers-signes-de-fragilite-des-seniors-pour-preserver-l-autonomie-20220327\" data-fig-type=\"Article\" data-gtm-custom-categorie=\"navigation\" data-gtm-custom-action=\"crossclick\" data-gtm-custom-label=\"Contextuel\" data-gtm-event=\"customEventSPE\" data-fig-domain=\"LEFIGARO\" target=\"_blank\" rel=\"noopener\">l\u2019apparition des premiers signes<\/a>\u00a0de vieillissement ou de pathologies li\u00e9es \u00e0 l\u2019\u00e2ge\u00a0? C\u2019est le pari d\u2019une \u00e9quipe de chercheurs toulousains de l\u2019Inserm, en collaboration avec l\u2019IHU HealthAge, qui pourrait bien ouvrir la voie \u00e0\u00a0<a href=\"http:\/\/sante.lefigaro.fr\/mieux-etre\/freiner-le-vieillissement-en-huit-semaines-d-efforts-on-peut-gagner-l-equivalent-de-trois-ans-d-age-20240507\" data-fig-type=\"Article\" data-gtm-custom-categorie=\"navigation\" data-gtm-custom-action=\"crossclick\" data-gtm-custom-label=\"Contextuel\" data-gtm-event=\"customEventSPE\" data-fig-domain=\"SANTE\" target=\"_blank\" rel=\"noopener\">une m\u00e9decine du vieillissement pr\u00e9ventive<\/a>\u00a0et personnalis\u00e9e. Leur piste\u00a0? Des cellules m\u00e9connues mais omnipr\u00e9sentes dans nos tissus\u00a0: les fibroblastes. Pr\u00e9sentes dans le\u00a0<a href=\"https:\/\/sante.lefigaro.fr\/sante\/organe\/derme\/quest-ce-que-cest\" target=\"_blank\" data-fig-type=\"Keyword\" rel=\"sponsored noopener\" data-gtm-custom-categorie=\"navigation\" data-gtm-custom-action=\"crossclick\" data-gtm-custom-label=\"Contextuel\" data-gtm-event=\"customEventSPE\" data-fig-domain=\"SANTE\">derme<\/a>, elles jouent un r\u00f4le crucial dans la structure, la cicatrisation et l\u2019immunit\u00e9 de la peau.<\/p>\n<p class=\"fig-paragraph\">En les analysant, les scientifiques ont mis au jour des marqueurs biologiques capables de refl\u00e9ter l\u2019\u00e9tat de sant\u00e9 fonctionnel d\u2019une personne, ind\u00e9pendamment de son \u00e2ge chronologique. Autrement dit\u00a0: des indicateurs de sa vitalit\u00e9 int\u00e9rieure, concept que l\u2019Organisation mondiale de la sant\u00e9 (OMS) d\u00e9signe sous le nom de \u00ab\u00a0capacit\u00e9 intrins\u00e8que\u00a0\u00bb. Ce terme d\u00e9signe l\u2019ensemble des fonctions physiques et mentales\u2026<\/p>\n<p class=\"fig-premium-paywall__infos\">\n        Cet article est r\u00e9serv\u00e9 aux abonn\u00e9s.        Il vous reste 78% \u00e0 d\u00e9couvrir.\n    <\/p>\n<p>                <img  data- alt=\"Le Figaro\" class=\"fig-img--complete fig-img\"\/><\/p>\n<p class=\"fig-premium-paywall__title\">Vous avez envie de lire la suite ?<\/p>\n<p class=\"fig-premium-paywall__subtitle\">D\u00e9bloquez tous les articles imm\u00e9diatement.<\/p>\n<p class=\"fig-premium-paywall__connect\">\n                D\u00e9j\u00e0 abonn\u00e9\u00a0?                <a class=\"fig-premium-paywall__connect-link\" href=\"https:\/\/connect.lefigaro.fr\/login?client=sante_web&amp;type=main&amp;redirect_uri=https%3A%2F%2Fsante.lefigaro.fr%2Fmieux-etre%2Fvieillir-en-bonne-sante-des-cellules-de-la-peau-revelent-notre-vitalite-cachee-20250721\" data-js-gtm=\"{&quot;customCategorie&quot;: &quot;conversion&quot;, &quot;customAction&quot;: &quot;before_Landing_Connexion_paywall_auto&quot;, &quot;customLabel&quot;: &quot;c2FudGUubGVmaWdhcm8uZnJfXzFmMDYzZTgzLTYwZDktNjkwOC1iMmNjLTE1M2FmNDQxMTYzNV9fQXJ0aWNsZQ==_Vieillir en bonne sant\u00e9\u00a0: des cellules de la peau r\u00e9v\u00e8lent notre vitalit\u00e9 cach\u00e9e_419&quot;, &quot;customIDSPE&quot;: &quot;c2FudGUubGVmaWdhcm8uZnJfXzFmMDYzZTgzLTYwZDktNjkwOC1iMmNjLTE1M2FmNDQxMTYzNV9fQXJ0aWNsZQ==&quot;, &quot;event&quot;: &quot;customEventSPE&quot;}\" target=\"_blank\" rel=\"noopener\"><br \/>\n                    Connectez-vous<br \/>\n                <\/a>\n            <\/p>\n","protected":false},"excerpt":{"rendered":"Les chercheurs ont trouv\u00e9, dans le comportement des cellules face \u00e0 divers types de stress, des marqueurs pr\u00e9coces&hellip;\n","protected":false},"author":2,"featured_media":263470,"comment_status":"","ping_status":"","sticky":false,"template":"","format":"standard","meta":{"footnotes":""},"categories":[10],"tags":[40298,1011,27,72,9854,71,3552],"class_list":{"0":"post-263469","1":"post","2":"type-post","3":"status-publish","4":"format-standard","5":"has-post-thumbnail","7":"category-sante","8":"tag-exercice-physique-et-vieillissement","9":"tag-fr","10":"tag-france","11":"tag-health","12":"tag-peau","13":"tag-sante","14":"tag-seniors"},"share_on_mastodon":{"url":"https:\/\/pubeurope.com\/@fr\/114891585157890414","error":""},"_links":{"self":[{"href":"https:\/\/www.europesays.com\/fr\/wp-json\/wp\/v2\/posts\/263469","targetHints":{"allow":["GET"]}}],"collection":[{"href":"https:\/\/www.europesays.com\/fr\/wp-json\/wp\/v2\/posts"}],"about":[{"href":"https:\/\/www.europesays.com\/fr\/wp-json\/wp\/v2\/types\/post"}],"author":[{"embeddable":true,"href":"https:\/\/www.europesays.com\/fr\/wp-json\/wp\/v2\/users\/2"}],"replies":[{"embeddable":true,"href":"https:\/\/www.europesays.com\/fr\/wp-json\/wp\/v2\/comments?post=263469"}],"version-history":[{"count":0,"href":"https:\/\/www.europesays.com\/fr\/wp-json\/wp\/v2\/posts\/263469\/revisions"}],"wp:featuredmedia":[{"embeddable":true,"href":"https:\/\/www.europesays.com\/fr\/wp-json\/wp\/v2\/media\/263470"}],"wp:attachment":[{"href":"https:\/\/www.europesays.com\/fr\/wp-json\/wp\/v2\/media?parent=263469"}],"wp:term":[{"taxonomy":"category","embeddable":true,"href":"https:\/\/www.europesays.com\/fr\/wp-json\/wp\/v2\/categories?post=263469"},{"taxonomy":"post_tag","embeddable":true,"href":"https:\/\/www.europesays.com\/fr\/wp-json\/wp\/v2\/tags?post=263469"}],"curies":[{"name":"wp","href":"https:\/\/api.w.org\/{rel}","templated":true}]}}