{"id":263479,"date":"2025-07-21T14:05:11","date_gmt":"2025-07-21T14:05:11","guid":{"rendered":"https:\/\/www.europesays.com\/fr\/263479\/"},"modified":"2025-07-21T14:05:11","modified_gmt":"2025-07-21T14:05:11","slug":"laffaire-jubillar-relancee-par-la-justice-apres-le-temoignage-de-derniere-minute-dune-ex-compagne","status":"publish","type":"post","link":"https:\/\/www.europesays.com\/fr\/263479\/","title":{"rendered":"L\u2019affaire Jubillar relanc\u00e9e par la justice apr\u00e8s le t\u00e9moignage de derni\u00e8re minute d\u2019une ex-compagne"},"content":{"rendered":"<p>        <img decoding=\"async\" loading=\"lazy\" src=\"https:\/\/www.europesays.com\/fr\/wp-content\/uploads\/2025\/07\/beecdc4_sirius-fs-upload-1-adukfm6wvzhx-1747062671697-000-36ze73y.jpg\"  width=\"728\" height=\"409\" alt=\"Photo d\u2019illustration prise devant le domicile de Delphine Jubillar le 6\u00a0mars 2025, pr\u00e8s de cinq ans apr\u00e8s la disparition sans r\u00e9ponse de l\u2019infirmi\u00e8re et m\u00e8re de deux enfants.\"\/>  <\/p>\n<p>LIONEL BONAVENTURE \/ AFP<\/p>\n<p>Photo d\u2019illustration prise devant le domicile de Delphine Jubillar le 6\u00a0mars 2025, pr\u00e8s de cinq ans apr\u00e8s la disparition sans r\u00e9ponse de l\u2019infirmi\u00e8re et m\u00e8re de deux enfants.<\/p>\n<p class=\"asset asset-text\">JUSTICE &#8211; Un t\u00e9moignage qui pourrait changer les choses\u00a0? La pr\u00e9sidente de<a href=\"https:\/\/www.huffingtonpost.fr\/justice\/article\/cedric-jubillar-juge-aux-assises-le-parquet-a-requis-un-proces-contre-le-mari-de-delphine-jubillar_235776.html\" rel=\"nofollow noopener\" target=\"_blank\"> la cour d\u2019assises du Tarn<\/a> a ordonn\u00e9 ce lundi 21\u00a0juillet au matin l\u2019audition d\u2019une ex-compagne de C\u00e9dric Jubillar, qui lui aurait confi\u00e9 avoir tu\u00e9 <a href=\"https:\/\/www.huffingtonpost.fr\/justice\/article\/de-nouvelles-fouilles-pour-retrouver-le-corps-de-delphine-jubillar-pourquoi-cette-avocate-saisit-la-justice_249913.html\" rel=\"nofollow noopener\" target=\"_blank\">son \u00e9pouse Delphine<\/a>, disparue depuis fin 2020, a indiqu\u00e9 \u00e0 l\u2019AFP le procureur g\u00e9n\u00e9ral de la cour d\u2019appel de Toulouse.<\/p>\n<p class=\"asset asset-text\">Confirmant une information du Parisien, le procureur g\u00e9n\u00e9ral Nicolas Jacquet a d\u00e9clar\u00e9 que la magistrate H\u00e9l\u00e8ne Ratinaud avait demand\u00e9 \u00e0 la section de gendarmerie de Toulouse de conduire cette audition avant le 31\u00a0juillet, alors que le proc\u00e8s de C\u00e9dric Jubillar pour meurtre par conjoint s\u2019ouvre le 22\u00a0septembre pour quatre semaines \u00e0 Albi.<\/p>\n<p class=\"asset asset-text\">\u00ab\u00a0J\u2019ai d\u00e9j\u00e0 tu\u00e9 une fois, ne me trompe pas et tout se passera bien\u00a0\u00bb, aurait dit le peintre-plaquiste, incarc\u00e9r\u00e9 depuis sa mise en examen en juin\u00a02021, \u00e0 son ex-compagne, selon des propos rapport\u00e9s le 11\u00a0juillet \u00e0 l\u2019AFP par l\u2019avocat de cette derni\u00e8re, Me Joaquinito Maria Alogo de Obono.<\/p>\n<p class=\"asset asset-text\">\u00ab\u00a0Je suis ravi par la d\u00e9cision de Mme le pr\u00e9sident, ce jour, que ma cliente soit enfin \u00e9cout\u00e9e\u00a0\u00bb, a salu\u00e9 ce lundi Me Alogo de Obono, \u00ab\u00a0qui ne cherche pas la lumi\u00e8re, avait souhait\u00e9 que la justice l\u2019entende\u00a0\u00bb.<\/p>\n<p>                     Des \u00ab\u00a0confidences\u00a0\u00bb de C\u00e9dric Jubillar    <\/p>\n<p class=\"asset asset-text\">Cette d\u00e9cision, qui ne remet pas en question l\u2019ouverture des d\u00e9bats le 22\u00a0septembre, a \u00e9t\u00e9 transmise \u00e0 l\u2019ensemble des parties. Elle se fonde sur l\u2019article\u00a0283 du code de proc\u00e9dure p\u00e9nale qui permet \u00e0 la pr\u00e9sidente de la cour d\u2019assises \u00ab\u00a0d\u2019ordonner de mani\u00e8re discr\u00e9tionnaire un acte suppl\u00e9mentaire avant l\u2019ouverture des d\u00e9bats\u00a0\u00bb, a rapport\u00e9 le procureur Nicolas Jacquet, qui pr\u00e9cise que cette demande est \u00ab\u00a0limit\u00e9e \u00e0 l\u2019audition de cette jeune femme\u00a0\u00bb qui a dit au <a href=\"https:\/\/www.leparisien.fr\/faits-divers\/affaire-jubillar-la-justice-decide-un-supplement-dinformation-pour-entendre-lex-petite-amie-de-cedric-jubillar-21-07-2025-7BDQ24FWYRANBOQMQ7SPRP573Y.php\" target=\"_blank\" rel=\"noopener nofollow\" title=\"Nouvelle fen\u00eatre\">Parisien <\/a>avoir re\u00e7u \u00ab\u00a0des confidences\u00a0\u00bb de l\u2019accus\u00e9.<\/p>\n<p class=\"asset asset-text\">C\u00e9dric Jubillar, qui a toujours ni\u00e9 toute implication dans la disparition de l\u2019infirmi\u00e8re en d\u00e9cembre\u00a02020, aurait selon des documents judiciaires d\u00e9j\u00e0 affirm\u00e9 \u00e0 un co-d\u00e9tenu ainsi qu\u2019\u00e0 une autre ex-compagne avoir tu\u00e9 son \u00e9pouse, des d\u00e9clarations qualifi\u00e9es de \u00ab\u00a0provocations\u00a0\u00bb par ses avocats.<\/p>\n<p class=\"asset asset-text\">\u00ab\u00a0Il est hors de question qu\u2019on arrive \u00e0 un proc\u00e8s avec une dame qui vient raconter n\u2019importe quoi, sans qu\u2019il puisse y avoir de v\u00e9rification\u00a0\u00bb, avait d\u00e9clar\u00e9 le 11\u00a0juillet \u00e0 l\u2019AFP Emmanuelle Franck, l\u2019une de ses conseils, injoignable ce lundi en d\u00e9but d\u2019apr\u00e8s-midi.<\/p>\n<p class=\"asset asset-text\">Elle avait estim\u00e9 que ce nouveau t\u00e9moignage \u00e9tait, selon elle, \u00ab\u00a0la confirmation que c\u2019est un dossier vide\u00a0\u00bb. \u00ab\u00a0Plus un dossier est lacunaire et plus vous avez la place \u00e0 ce genre de t\u00e9moignage\u00a0\u00bb, d\u00e9clarait-elle il y a 10\u00a0jours, tandis que son confr\u00e8re de la d\u00e9fense, Jean-Baptiste Alary, rappelait qu\u2019\u00e0 plusieurs reprises d\u00e9j\u00e0, C\u00e9dric Jubillar aurait fait des confidences \u00e0 des proches, sans que ces \u00e9l\u00e9ments ne viennent \u00e9tablir quoi que ce soit.<\/p>\n<p class=\"asset asset-text\">Dans cette affaire sans corps, ni aveux, ni t\u00e9moin, ni sc\u00e8ne de crime, C\u00e9dric Jubillar nie toute responsabilit\u00e9 et clame son innocence. Son proc\u00e8s \u00e0 Albi doit durer environ un mois.<\/p>\n","protected":false},"excerpt":{"rendered":"LIONEL BONAVENTURE \/ AFP Photo d\u2019illustration prise devant le domicile de Delphine Jubillar le 6\u00a0mars 2025, pr\u00e8s de&hellip;\n","protected":false},"author":2,"featured_media":263480,"comment_status":"","ping_status":"","sticky":false,"template":"","format":"standard","meta":{"footnotes":""},"categories":[4],"tags":[11,118,1011,27,303,12,2694,25,8412],"class_list":{"0":"post-263479","1":"post","2":"type-post","3":"status-publish","4":"format-standard","5":"has-post-thumbnail","7":"category-france","8":"tag-actualites","9":"tag-faits-divers","10":"tag-fr","11":"tag-france","12":"tag-justice","13":"tag-news","14":"tag-proces","15":"tag-republique-francaise","16":"tag-tarn"},"share_on_mastodon":{"url":"https:\/\/pubeurope.com\/@fr\/114891608848096846","error":""},"_links":{"self":[{"href":"https:\/\/www.europesays.com\/fr\/wp-json\/wp\/v2\/posts\/263479","targetHints":{"allow":["GET"]}}],"collection":[{"href":"https:\/\/www.europesays.com\/fr\/wp-json\/wp\/v2\/posts"}],"about":[{"href":"https:\/\/www.europesays.com\/fr\/wp-json\/wp\/v2\/types\/post"}],"author":[{"embeddable":true,"href":"https:\/\/www.europesays.com\/fr\/wp-json\/wp\/v2\/users\/2"}],"replies":[{"embeddable":true,"href":"https:\/\/www.europesays.com\/fr\/wp-json\/wp\/v2\/comments?post=263479"}],"version-history":[{"count":0,"href":"https:\/\/www.europesays.com\/fr\/wp-json\/wp\/v2\/posts\/263479\/revisions"}],"wp:featuredmedia":[{"embeddable":true,"href":"https:\/\/www.europesays.com\/fr\/wp-json\/wp\/v2\/media\/263480"}],"wp:attachment":[{"href":"https:\/\/www.europesays.com\/fr\/wp-json\/wp\/v2\/media?parent=263479"}],"wp:term":[{"taxonomy":"category","embeddable":true,"href":"https:\/\/www.europesays.com\/fr\/wp-json\/wp\/v2\/categories?post=263479"},{"taxonomy":"post_tag","embeddable":true,"href":"https:\/\/www.europesays.com\/fr\/wp-json\/wp\/v2\/tags?post=263479"}],"curies":[{"name":"wp","href":"https:\/\/api.w.org\/{rel}","templated":true}]}}